{"id":5622,"date":"2015-02-03T12:25:34","date_gmt":"2015-02-03T12:25:34","guid":{"rendered":"http:\/\/sintema.org.br\/sintema\/?p=5622"},"modified":"2015-02-03T12:25:34","modified_gmt":"2015-02-03T12:25:34","slug":"noticias-da-campanha-salarial-de-2015","status":"publish","type":"post","link":"http:\/\/sintema.org.br\/sintema\/noticias-da-campanha-salarial-de-2015\/","title":{"rendered":"NOT\u00cdCIAS DA CAMPANHA SALARIAL DE 2015"},"content":{"rendered":"<p><a href=\"http:\/\/sintema.org.br\/sintema\/wp-content\/uploads\/2015\/02\/Reuniao_ampliada.jpg\"><img loading=\"lazy\" class=\"alignnone size-full wp-image-5623\" alt=\"Reuniao_ampliada\" src=\"http:\/\/sintema.org.br\/sintema\/wp-content\/uploads\/2015\/02\/Reuniao_ampliada.jpg\" width=\"500\" height=\"282\" srcset=\"http:\/\/sintema.org.br\/sintema\/wp-content\/uploads\/2015\/02\/Reuniao_ampliada.jpg 500w, http:\/\/sintema.org.br\/sintema\/wp-content\/uploads\/2015\/02\/Reuniao_ampliada-300x169.jpg 300w\" sizes=\"(max-width: 500px) 100vw, 500px\" \/><\/a><\/p>\n<p>REUNI\u00c3O AMPLIADA DO FORUM DAS ENTIDADES DOS TRABALHADORES DO SERVI\u00c7O PUBLICO FEDERAL APROVA CALEND\u00c1RIO DE LUTAS E PAUTA UNIFICADA<\/p>\n<p>Ocorreu nos dias 30 e 31 de Janeiro e 1 de Fevereiro a reuni\u00e3o ampliada das entidades sindicais do servi\u00e7o p\u00fablico federal no qual aproximadamente 400 inscritos garantiram a presen\u00e7a com representa\u00e7\u00f5es de sindicatos, federa\u00e7\u00f5es, confedera\u00e7\u00f5es e centrais. O encontro foi uma vit\u00f3ria do movimento, aprofundando o debate e construindo uma ampla unidade aprovando um calend\u00e1rio de lutas e uma pauta unificada.<br \/>\nA DN &#8211; FASUBRA participou ativamente desse processo e orienta todas as suas entidades filiadas a cumprirem o calend\u00e1rio aprovado bem como construir nos estados em conjunto com outras entidades os f\u00f3runs estaduais dos trabalhadores do servi\u00e7o p\u00fablico federal.<br \/>\nConfira logo abaixo os documentos aprovados, a pauta e o calend\u00e1rio de lutas unificado:<\/p>\n<p><strong>Pauta(eixos):<\/strong><\/p>\n<p>01.Politica salarial permanente com corre\u00e7\u00e3o das distor\u00e7\u00f5es e reposi\u00e7\u00e3o das perdas inflacion\u00e1rias<\/p>\n<p>2. \u00cdndice linear de 27,3%<\/p>\n<p>3. Data-base 1 de maio<\/p>\n<p>4. Direito de negocia\u00e7\u00e3o coletiva (conven\u00e7\u00e3o 151 OIT)<\/p>\n<p>5. Paridade Salarial entre ativos e aposentados<\/p>\n<p>6. Retirada dos projetos do congresso nacional que atacam os direitos dos servidores;<\/p>\n<p>7. Aprova\u00e7\u00e3o imediata dos projetos de interesse dos servidores<\/p>\n<p>8. Isonomia salarial e de todos os benef\u00edcios entre os poderes.<\/p>\n<p>9. Anula\u00e7\u00e3o reforma da previd\u00eancia realizada atrav\u00e9s da compra de votos dos parlamentares.<\/p>\n<p>10. Extin\u00e7\u00e3o do fator previdenci\u00e1rio<\/p>\n<p>11. Incorpora\u00e7\u00e3o de todas as gratifica\u00e7\u00f5es produtivistas<\/p>\n<p>12. Fim da terceiriza\u00e7\u00e3o que retira direito dos trabalhadores.<\/p>\n<p>13. Concurso p\u00fablico pelo RJU.<\/p>\n<p>14. Combate a toda forma de privatiza\u00e7\u00e3o.<\/p>\n<p>15. Pela aprova\u00e7\u00e3o da PEC 555 que extingue a cobran\u00e7a previdenci\u00e1ria dos aposentados<\/p>\n<p>16. Pela aprova\u00e7\u00e3o do PL 4434 que recomp\u00f5e as perdas salariais.<\/p>\n<p>17. Regulamenta\u00e7\u00e3o da jornada de trabalho para o m\u00e1ximo de 30 horas para o servi\u00e7o p\u00fablico, sem redu\u00e7\u00e3o salarial.<\/p>\n<p>18. Pec 170\/2012 \u2013 aprova\u00e7\u00e3o de aposentadoria integral por invalidez.<\/p>\n<p>19. Libera\u00e7\u00e3o de dirigentes sindicais com \u00f4nus para o estado, sem preju\u00edzo as promo\u00e7\u00f5es e progress\u00f5es na carreira.<\/p>\n<p>20. Pela revoga\u00e7\u00e3o do FUNPRESP e da EBSERH<\/p>\n<p><strong>Mobiliza\u00e7\u00e3o\/Campanhas:<\/strong><\/p>\n<p>1. Campanha nacional pela suspens\u00e3o de toda criminaliza\u00e7\u00e3o aos movimentos sociais;<\/p>\n<p>2. Campanha nacional pela melhoria dos servi\u00e7os p\u00fablicos e contra desmonte do estado praticado pelo governo;<\/p>\n<p>3. Reorganizar os f\u00f3runs estaduais dos Servidores P\u00fablicos Federais;<\/p>\n<p>4. Indicar discuss\u00e3o nas bases das categorias, durante a jornada de mar\u00e7o, sobre indicativo de greve por tempo indeterminado;<\/p>\n<p>5. Pressionar o congresso pela aprova\u00e7\u00e3o de projeto de lei sobre a negocia\u00e7\u00e3o coletiva (Conven\u00e7\u00e3o 151);<\/p>\n<p>6. Campanha pela suspens\u00e3o do pagamento da d\u00edvida p\u00fablica e realiza\u00e7\u00e3o de Auditoria da d\u00edvida p\u00fablica, como previsto na constitui\u00e7\u00e3o;<\/p>\n<p>7. Pela Revoga\u00e7\u00e3o das MPs 664 e 665, entre outras, que retiram direitos dos trabalhadores.<\/p>\n<p>8. Fazer cobran\u00e7a no STF pelo julgamento da data-base;<\/p>\n<p>9. Luta pelo aumento salarial dos trabalhadores;<\/p>\n<p>10. Pela redu\u00e7\u00e3o da jornada de trabalho para 40 horas semanais aos trabalhadores da iniciativa privada, sem redu\u00e7\u00e3o salarial;<\/p>\n<p>11. Transposi\u00e7\u00e3o dos anistiados para o RJU. (Lei 8112\/90);<\/p>\n<p>12. Campanha pela liberdade de organiza\u00e7\u00e3o sindical nos locais de trabalho;<\/p>\n<p>13. Campanhas por uma pol\u00edtica adequada de sa\u00fade do servidor e combate ao ass\u00e9dio moral\/sexual e \u00e0s opress\u00f5es;<\/p>\n<p>14. Readmiss\u00e3o dos tempor\u00e1rios demitidos na greve do IBGE;<\/p>\n<p>15. Realizar Semin\u00e1rio nacional sobre precariza\u00e7\u00e3o, terceiriza\u00e7\u00e3o e privatiza\u00e7\u00e3o no servi\u00e7o p\u00fablico;<\/p>\n<p>16. Confec\u00e7\u00e3o de um jornal em comum das entidades para a campanha salarial 2015, inclusive envolvendo temas nacionais, como a crise da \u00e1gua e energ\u00e9tica;<\/p>\n<p>17. Pela revoga\u00e7\u00e3o das orienta\u00e7\u00f5es normativas que mudaram os crit\u00e9rios para concess\u00e3o de insalubridade e periculosidade;<\/p>\n<p>18. Pela Petrobras 100% estatal e nacional. Pela condena\u00e7\u00e3o de corruptos e corruptores da Petrobr\u00e1s;<\/p>\n<p>19. Campanha pela revoga\u00e7\u00e3o do FUNPRESP e da EBSERH.<\/p>\n<p><strong>Calend\u00e1rio:<\/strong><\/p>\n<p>02\/02 &#8211; ATO NA POSSE DOS DEPUTADOS DO CONGRESSO NACIONAL. AS 13H<br \/>\n3 A 7\/02 \u2013 Rearticula\u00e7\u00e3o NOs ESTADOs DO FORUM DOS SERVIDORES FEDERAIS<br \/>\n25.02 : Ato de lan\u00e7amento da campanha salarial 2015 no MPOG(Bloco K), com concentra\u00e7\u00e3o \u00e0s 9h\/ Dia Nacional de luta com atos, assembleias e paralisa\u00e7\u00f5es nos estados.<br \/>\n06\/03 : Ato nacional no Rio de Janeiro e nos estados contra a privatiza\u00e7\u00e3o do SUS e a EBSERH\/<br \/>\nMar\u00e7o : Jornada de Luta nos estados, com discuss\u00e3o sobre indicativo de greve.<br \/>\n07, 08 e 09 de abril : Jornada nacional de Lutas, em Bras\u00edlia com discuss\u00e3o sobre indicativo de greve dos SPF\u2019s.<\/p>\n<p>&nbsp;<\/p>\n<p>Fonte: Fasubra.<\/p>\n","protected":false},"excerpt":{"rendered":"<p>REUNI\u00c3O AMPLIADA DO FORUM DAS ENTIDADES DOS TRABALHADORES DO SERVI\u00c7O PUBLICO FEDERAL APROVA CALEND\u00c1RIO DE LUTAS E PAUTA UNIFICADA Ocorreu nos dias 30 e 31 de Janeiro e 1 de Fevereiro a reuni\u00e3o ampliada das entidades sindicais do servi\u00e7o p\u00fablico federal no qual aproximadamente 400 inscritos garantiram a presen\u00e7a com representa\u00e7\u00f5es de sindicatos, federa\u00e7\u00f5es, confedera\u00e7\u00f5es [&hellip;]<\/p>\n","protected":false},"author":2,"featured_media":0,"comment_status":"open","ping_status":"open","sticky":false,"template":"","format":"standard","meta":[],"categories":[5,18],"tags":[],"_links":{"self":[{"href":"http:\/\/sintema.org.br\/sintema\/wp-json\/wp\/v2\/posts\/5622"}],"collection":[{"href":"http:\/\/sintema.org.br\/sintema\/wp-json\/wp\/v2\/posts"}],"about":[{"href":"http:\/\/sintema.org.br\/sintema\/wp-json\/wp\/v2\/types\/post"}],"author":[{"embeddable":true,"href":"http:\/\/sintema.org.br\/sintema\/wp-json\/wp\/v2\/users\/2"}],"replies":[{"embeddable":true,"href":"http:\/\/sintema.org.br\/sintema\/wp-json\/wp\/v2\/comments?post=5622"}],"version-history":[{"count":1,"href":"http:\/\/sintema.org.br\/sintema\/wp-json\/wp\/v2\/posts\/5622\/revisions"}],"predecessor-version":[{"id":5624,"href":"http:\/\/sintema.org.br\/sintema\/wp-json\/wp\/v2\/posts\/5622\/revisions\/5624"}],"wp:attachment":[{"href":"http:\/\/sintema.org.br\/sintema\/wp-json\/wp\/v2\/media?parent=5622"}],"wp:term":[{"taxonomy":"category","embeddable":true,"href":"http:\/\/sintema.org.br\/sintema\/wp-json\/wp\/v2\/categories?post=5622"},{"taxonomy":"post_tag","embeddable":true,"href":"http:\/\/sintema.org.br\/sintema\/wp-json\/wp\/v2\/tags?post=5622"}],"curies":[{"name":"wp","href":"https:\/\/api.w.org\/{rel}","templated":true}]}}