{"id":5629,"date":"2015-02-05T14:22:15","date_gmt":"2015-02-05T14:22:15","guid":{"rendered":"http:\/\/sintema.org.br\/sintema\/?p=5629"},"modified":"2015-02-05T14:32:29","modified_gmt":"2015-02-05T14:32:29","slug":"obituario-jose-da-costa-silva","status":"publish","type":"post","link":"http:\/\/sintema.org.br\/sintema\/obituario-jose-da-costa-silva\/","title":{"rendered":"OBITU\u00c1RIO: Jos\u00e9 da Costa Silva"},"content":{"rendered":"<p><a href=\"http:\/\/sintema.org.br\/sintema\/wp-content\/uploads\/2014\/05\/falecimentoooo-300x186111.jpg\"><img loading=\"lazy\" class=\"alignnone size-full wp-image-4804\" alt=\"falecimentoooo-300x186111\" src=\"http:\/\/sintema.org.br\/sintema\/wp-content\/uploads\/2014\/05\/falecimentoooo-300x186111.jpg\" width=\"300\" height=\"186\" \/><\/a><\/p>\n<p>A diretoria do Sintema comunica a toda categoria, o falecimento do associado \u2013 JOS\u00c9 DA COSTA SILVA (ATIVO) \u2013 ocorrido ontem, dia 04 de fevereiro de 2015.<\/p>\n<p>Jose Silva foi v\u00edtima de hom\u00edcidio. O corpo do associado est\u00e1 sendo velado na resid\u00eancia da fam\u00edlia, localizada na rua nossa senhora de F\u00e1tima, n. 83, bairro Pau Deitado, Pa\u00e7o do Lumiar.<\/p>\n<p>Toda a Dire\u00e7\u00e3o do Sindicato presta as homenagens a este, que em vida, muito contribuiu com a luta da categoria por dias melhores.<\/p>\n<p>O enterro acontecer\u00e1 amanh\u00e3 (06) no cemit\u00e9rio Pax Uni\u00e3o na estrada da maioba (entre S\u00e3o Jos\u00e9 de Ribamar e o Beira Rio).<\/p>\n<p>&nbsp;<\/p>\n<p>Imprensa Sintema.<\/p>\n","protected":false},"excerpt":{"rendered":"<p>A diretoria do Sintema comunica a toda categoria, o falecimento do associado \u2013 JOS\u00c9 DA COSTA SILVA (ATIVO) \u2013 ocorrido ontem, dia 04 de fevereiro de 2015. Jose Silva foi v\u00edtima de hom\u00edcidio. O corpo do associado est\u00e1 sendo velado na resid\u00eancia da fam\u00edlia, localizada na rua nossa senhora de F\u00e1tima, n. 83, bairro Pau [&hellip;]<\/p>\n","protected":false},"author":2,"featured_media":0,"comment_status":"open","ping_status":"open","sticky":false,"template":"","format":"standard","meta":[],"categories":[5,8],"tags":[],"_links":{"self":[{"href":"http:\/\/sintema.org.br\/sintema\/wp-json\/wp\/v2\/posts\/5629"}],"collection":[{"href":"http:\/\/sintema.org.br\/sintema\/wp-json\/wp\/v2\/posts"}],"about":[{"href":"http:\/\/sintema.org.br\/sintema\/wp-json\/wp\/v2\/types\/post"}],"author":[{"embeddable":true,"href":"http:\/\/sintema.org.br\/sintema\/wp-json\/wp\/v2\/users\/2"}],"replies":[{"embeddable":true,"href":"http:\/\/sintema.org.br\/sintema\/wp-json\/wp\/v2\/comments?post=5629"}],"version-history":[{"count":2,"href":"http:\/\/sintema.org.br\/sintema\/wp-json\/wp\/v2\/posts\/5629\/revisions"}],"predecessor-version":[{"id":5632,"href":"http:\/\/sintema.org.br\/sintema\/wp-json\/wp\/v2\/posts\/5629\/revisions\/5632"}],"wp:attachment":[{"href":"http:\/\/sintema.org.br\/sintema\/wp-json\/wp\/v2\/media?parent=5629"}],"wp:term":[{"taxonomy":"category","embeddable":true,"href":"http:\/\/sintema.org.br\/sintema\/wp-json\/wp\/v2\/categories?post=5629"},{"taxonomy":"post_tag","embeddable":true,"href":"http:\/\/sintema.org.br\/sintema\/wp-json\/wp\/v2\/tags?post=5629"}],"curies":[{"name":"wp","href":"https:\/\/api.w.org\/{rel}","templated":true}]}}