{"id":5633,"date":"2015-02-06T21:01:40","date_gmt":"2015-02-06T21:01:40","guid":{"rendered":"http:\/\/sintema.org.br\/sintema\/?p=5633"},"modified":"2015-02-06T21:01:40","modified_gmt":"2015-02-06T21:01:40","slug":"diferenca-do-auxilio-alimentacao-entre-tres-poderes-aumenta-servidores-do-executivo-amargam-menor-valor","status":"publish","type":"post","link":"http:\/\/sintema.org.br\/sintema\/diferenca-do-auxilio-alimentacao-entre-tres-poderes-aumenta-servidores-do-executivo-amargam-menor-valor\/","title":{"rendered":"Diferen\u00e7a do aux\u00edlio-alimenta\u00e7\u00e3o entre Tr\u00eas Poderes aumenta. Servidores do Executivo amargam menor valor"},"content":{"rendered":"<p>A publica\u00e7\u00e3o pelo STF (Supremo Tribunal Federal) da Portaria n\u00ba 19\/15 que atualizou o valor do aux\u00edlio-alimenta\u00e7\u00e3o dos servidores da Casa para R$ 799, retroativo a 1\u00ba de janeiro deste ano, amplia a diferen\u00e7a entre os valores praticados no Executivo, Legislativo e Judici\u00e1rio. O aumento leg\u00edtimo do aux\u00edlio foi concedido pelo pr\u00f3prio Supremo que tem essa prerrogativa.<\/p>\n<p><a href=\"http:\/\/sintema.org.br\/sintema\/wp-content\/uploads\/2015\/02\/auxilio-alimentacao.jpg\"><img loading=\"lazy\" class=\"alignnone  wp-image-5634\" alt=\"auxilio-alimentacao\" src=\"http:\/\/sintema.org.br\/sintema\/wp-content\/uploads\/2015\/02\/auxilio-alimentacao.jpg\" width=\"348\" height=\"224\" srcset=\"http:\/\/sintema.org.br\/sintema\/wp-content\/uploads\/2015\/02\/auxilio-alimentacao.jpg 580w, http:\/\/sintema.org.br\/sintema\/wp-content\/uploads\/2015\/02\/auxilio-alimentacao-300x192.jpg 300w\" sizes=\"(max-width: 348px) 100vw, 348px\" \/><\/a><\/p>\n<div>\n<p>A Condsef que defende o princ\u00edpio ison\u00f4mico e a unifica\u00e7\u00e3o desses valores entre os Poderes apenas chama a aten\u00e7\u00e3o para o preocupante distanciamento entre os valores praticados gerando uma injusti\u00e7a que deve ser combatida. Servidores do Executivo continuam amargando o menor valor pago na administra\u00e7\u00e3o p\u00fablica tanto no aux\u00edlio-alimenta\u00e7\u00e3o, congelado em R$ 373 desde 2013, como em outros benef\u00edcios como o aux\u00edlio-creche e plano de sa\u00fade onde essa maioria tamb\u00e9m est\u00e1 em desvantagem.<\/p>\n<p>Em 2012, pesquisas j\u00e1 indiciavam que o valor m\u00e9dio que deveria ser pago a um trabalhador para se alimentar com dignidade seria de R$ 27\/dia. Isso implicaria em um valor mensal de pelo menos R$ 594 para o aux\u00edlio-alimenta\u00e7\u00e3o. Nos \u00faltimos anos, com infla\u00e7\u00e3o superando os 6% ao ano, onde o reajuste m\u00e9dio de 15,8% negociado em tr\u00eas parcelas (2013, 2014, 2015) n\u00e3o foi suficiente para cobrir a infla\u00e7\u00e3o do per\u00edodo, essa defasagem tem pesado no or\u00e7amento familiar da maioria dos servidores.<\/p>\n<p>Por esses e outros fatores s\u00f3lidos, o reajuste nos benef\u00edcios como aux\u00edlio-alimenta\u00e7\u00e3o, plano de sa\u00fade e outros, segue como bandeira priorit\u00e1ria de luta da campanha salarial unificada dos federais deste ano.<\/p>\n<p><em>Com informa\u00e7\u00f5es da Condsef<\/em><\/p>\n<p><em>Fonte: Blogue do Servidor P\u00fablico Federal.<\/em><\/p>\n<\/div>\n","protected":false},"excerpt":{"rendered":"<p>A publica\u00e7\u00e3o pelo STF (Supremo Tribunal Federal) da Portaria n\u00ba 19\/15 que atualizou o valor do aux\u00edlio-alimenta\u00e7\u00e3o dos servidores da Casa para R$ 799, retroativo a 1\u00ba de janeiro deste ano, amplia a diferen\u00e7a entre os valores praticados no Executivo, Legislativo e Judici\u00e1rio. O aumento leg\u00edtimo do aux\u00edlio foi concedido pelo pr\u00f3prio Supremo que tem [&hellip;]<\/p>\n","protected":false},"author":2,"featured_media":0,"comment_status":"open","ping_status":"open","sticky":false,"template":"","format":"standard","meta":[],"categories":[5,18],"tags":[],"_links":{"self":[{"href":"http:\/\/sintema.org.br\/sintema\/wp-json\/wp\/v2\/posts\/5633"}],"collection":[{"href":"http:\/\/sintema.org.br\/sintema\/wp-json\/wp\/v2\/posts"}],"about":[{"href":"http:\/\/sintema.org.br\/sintema\/wp-json\/wp\/v2\/types\/post"}],"author":[{"embeddable":true,"href":"http:\/\/sintema.org.br\/sintema\/wp-json\/wp\/v2\/users\/2"}],"replies":[{"embeddable":true,"href":"http:\/\/sintema.org.br\/sintema\/wp-json\/wp\/v2\/comments?post=5633"}],"version-history":[{"count":1,"href":"http:\/\/sintema.org.br\/sintema\/wp-json\/wp\/v2\/posts\/5633\/revisions"}],"predecessor-version":[{"id":5635,"href":"http:\/\/sintema.org.br\/sintema\/wp-json\/wp\/v2\/posts\/5633\/revisions\/5635"}],"wp:attachment":[{"href":"http:\/\/sintema.org.br\/sintema\/wp-json\/wp\/v2\/media?parent=5633"}],"wp:term":[{"taxonomy":"category","embeddable":true,"href":"http:\/\/sintema.org.br\/sintema\/wp-json\/wp\/v2\/categories?post=5633"},{"taxonomy":"post_tag","embeddable":true,"href":"http:\/\/sintema.org.br\/sintema\/wp-json\/wp\/v2\/tags?post=5633"}],"curies":[{"name":"wp","href":"https:\/\/api.w.org\/{rel}","templated":true}]}}