{"id":5640,"date":"2015-02-10T16:03:43","date_gmt":"2015-02-10T16:03:43","guid":{"rendered":"http:\/\/sintema.org.br\/sintema\/?p=5640"},"modified":"2015-02-10T16:04:57","modified_gmt":"2015-02-10T16:04:57","slug":"categoria-questiona-cortes-orcamentarios-e-exige-retomada-das-negociacoes","status":"publish","type":"post","link":"http:\/\/sintema.org.br\/sintema\/categoria-questiona-cortes-orcamentarios-e-exige-retomada-das-negociacoes\/","title":{"rendered":"Categoria questiona cortes or\u00e7ament\u00e1rios e exige retomada das negocia\u00e7\u00f5es"},"content":{"rendered":"<p><a href=\"http:\/\/sintema.org.br\/sintema\/wp-content\/uploads\/2015\/02\/MIN.jpg\"><img loading=\"lazy\" class=\"alignnone size-full wp-image-5641\" alt=\"MIN\" src=\"http:\/\/sintema.org.br\/sintema\/wp-content\/uploads\/2015\/02\/MIN.jpg\" width=\"350\" height=\"220\" srcset=\"http:\/\/sintema.org.br\/sintema\/wp-content\/uploads\/2015\/02\/MIN.jpg 350w, http:\/\/sintema.org.br\/sintema\/wp-content\/uploads\/2015\/02\/MIN-300x188.jpg 300w\" sizes=\"(max-width: 350px) 100vw, 350px\" \/><\/a><\/p>\n<p>Aproveitando a visita do Ministro da Educa\u00e7\u00e3o Cid Gomes na sexta-feira, dia 30, \u00e0 UFRJ, uma representa\u00e7\u00e3o da coordena\u00e7\u00e3o do Sintufrj entregou em suas m\u00e3os documento com severas cr\u00edticas aos cortes no or\u00e7amento do que foi aprovado na Lei de Diretrizes Or\u00e7ament\u00e1rias para a UFRJ em 2014 e \u00e0 pol\u00edtica de contingenciamento e atraso nos repasses de recursos para a universidade. Essa cr\u00edtica acompanha posicionamento da dire\u00e7\u00e3o nacional da Fasubra j\u00e1 divulgado em seu informativo, frente ao corte do governo no or\u00e7amento da educa\u00e7\u00e3o para assegurar as metas de super\u00e1vit prim\u00e1rio.<\/p>\n<p>O ministro Cid Gomes, no entanto, disse acreditar que o seu minist\u00e9rio pode ser o que mais fique imune \u00e0s medidas do governo de cortes no or\u00e7amento.<\/p>\n<p>Na ocasi\u00e3o, tamb\u00e9m foi questionado a n\u00e3o marca\u00e7\u00e3o, at\u00e9 o momento, de agenda de reuni\u00e3o do Governo com a Fasubra. Essa cobran\u00e7a tamb\u00e9m se deu recentemente na reuni\u00e3o com o F\u00f3rum Nacional de Educa\u00e7\u00e3o (FNE), onde a representa\u00e7\u00e3o da Fasubra tamb\u00e9m questionou a n\u00e3o defini\u00e7\u00e3o da agenda. A Fasubra protocolou no \u00faltimo dia 07 de janeiro, no MEC e em diversos outros \u00f3rg\u00e3os governamentais, of\u00edcio pedindo a retomada do processo negocial, reiterando o seu conte\u00fado em 05 de fevereiro, e passado quase um m\u00eas, o Governo se omite de qualquer resposta, e ainda suspende a reuni\u00e3o da CNSC. Onde est\u00e1 a prioridade da Educa\u00e7\u00e3o?<\/p>\n<p><a href=\"http:\/\/sintema.org.br\/sintema\/wp-content\/uploads\/2015\/02\/cid_gomes.jpg\"><img loading=\"lazy\" class=\"alignnone size-full wp-image-5642\" alt=\"cid_gomes\" src=\"http:\/\/sintema.org.br\/sintema\/wp-content\/uploads\/2015\/02\/cid_gomes.jpg\" width=\"529\" height=\"731\" srcset=\"http:\/\/sintema.org.br\/sintema\/wp-content\/uploads\/2015\/02\/cid_gomes.jpg 529w, http:\/\/sintema.org.br\/sintema\/wp-content\/uploads\/2015\/02\/cid_gomes-217x300.jpg 217w\" sizes=\"(max-width: 529px) 100vw, 529px\" \/><\/a><\/p>\n<p>Fonte: Fasubra.<\/p>\n<p>&nbsp;<\/p>\n","protected":false},"excerpt":{"rendered":"<p>Aproveitando a visita do Ministro da Educa\u00e7\u00e3o Cid Gomes na sexta-feira, dia 30, \u00e0 UFRJ, uma representa\u00e7\u00e3o da coordena\u00e7\u00e3o do Sintufrj entregou em suas m\u00e3os documento com severas cr\u00edticas aos cortes no or\u00e7amento do que foi aprovado na Lei de Diretrizes Or\u00e7ament\u00e1rias para a UFRJ em 2014 e \u00e0 pol\u00edtica de contingenciamento e atraso nos [&hellip;]<\/p>\n","protected":false},"author":2,"featured_media":0,"comment_status":"open","ping_status":"open","sticky":false,"template":"","format":"standard","meta":[],"categories":[5,18],"tags":[],"_links":{"self":[{"href":"http:\/\/sintema.org.br\/sintema\/wp-json\/wp\/v2\/posts\/5640"}],"collection":[{"href":"http:\/\/sintema.org.br\/sintema\/wp-json\/wp\/v2\/posts"}],"about":[{"href":"http:\/\/sintema.org.br\/sintema\/wp-json\/wp\/v2\/types\/post"}],"author":[{"embeddable":true,"href":"http:\/\/sintema.org.br\/sintema\/wp-json\/wp\/v2\/users\/2"}],"replies":[{"embeddable":true,"href":"http:\/\/sintema.org.br\/sintema\/wp-json\/wp\/v2\/comments?post=5640"}],"version-history":[{"count":1,"href":"http:\/\/sintema.org.br\/sintema\/wp-json\/wp\/v2\/posts\/5640\/revisions"}],"predecessor-version":[{"id":5643,"href":"http:\/\/sintema.org.br\/sintema\/wp-json\/wp\/v2\/posts\/5640\/revisions\/5643"}],"wp:attachment":[{"href":"http:\/\/sintema.org.br\/sintema\/wp-json\/wp\/v2\/media?parent=5640"}],"wp:term":[{"taxonomy":"category","embeddable":true,"href":"http:\/\/sintema.org.br\/sintema\/wp-json\/wp\/v2\/categories?post=5640"},{"taxonomy":"post_tag","embeddable":true,"href":"http:\/\/sintema.org.br\/sintema\/wp-json\/wp\/v2\/tags?post=5640"}],"curies":[{"name":"wp","href":"https:\/\/api.w.org\/{rel}","templated":true}]}}