{"id":5647,"date":"2015-02-10T16:22:10","date_gmt":"2015-02-10T16:22:10","guid":{"rendered":"http:\/\/sintema.org.br\/sintema\/?p=5647"},"modified":"2015-02-10T16:22:48","modified_gmt":"2015-02-10T16:22:48","slug":"missa-convite-jose-da-costa-silva","status":"publish","type":"post","link":"http:\/\/sintema.org.br\/sintema\/missa-convite-jose-da-costa-silva\/","title":{"rendered":"Missa convite: JOS\u00c9 DA COSTA SILVA"},"content":{"rendered":"<p>A diretoria do Sintema convida toda a categoria, para participar da Missa de s\u00e9timo dia do falecimento do associado Jos\u00e9 da Costa Silva.<\/p>\n<div>\n<p>\u00a0<a href=\"http:\/\/sintema.org.br\/sintema\/wp-content\/uploads\/2015\/02\/IMG_53690264794801.jpeg\"><img loading=\"lazy\" class=\"alignnone  wp-image-5648\" alt=\"IMG_5369026479480[1]\" src=\"http:\/\/sintema.org.br\/sintema\/wp-content\/uploads\/2015\/02\/IMG_53690264794801.jpeg\" width=\"494\" height=\"373\" srcset=\"http:\/\/sintema.org.br\/sintema\/wp-content\/uploads\/2015\/02\/IMG_53690264794801.jpeg 549w, http:\/\/sintema.org.br\/sintema\/wp-content\/uploads\/2015\/02\/IMG_53690264794801-300x226.jpeg 300w\" sizes=\"(max-width: 494px) 100vw, 494px\" \/><\/a><\/p>\n<p>O ato ser\u00e1 celebrado hoje, ter\u00e7a-feira, dia 10\/02\/2015, \u00e0s 19:00 horas, na Igreja da S\u00e9, S\u00e3o Lu\u00eds \u2013 MA.<\/p>\n<p>O Sintema conclama a categoria a participar deste ato de f\u00e9 e piedade crist\u00e3.<\/p>\n<p><em>Imprensa Sintema.<\/em><\/p>\n<\/div>\n","protected":false},"excerpt":{"rendered":"<p>A diretoria do Sintema convida toda a categoria, para participar da Missa de s\u00e9timo dia do falecimento do associado Jos\u00e9 da Costa Silva. \u00a0 O ato ser\u00e1 celebrado hoje, ter\u00e7a-feira, dia 10\/02\/2015, \u00e0s 19:00 horas, na Igreja da S\u00e9, S\u00e3o Lu\u00eds \u2013 MA. O Sintema conclama a categoria a participar deste ato de f\u00e9 e [&hellip;]<\/p>\n","protected":false},"author":2,"featured_media":0,"comment_status":"open","ping_status":"open","sticky":false,"template":"","format":"standard","meta":[],"categories":[5,8],"tags":[],"_links":{"self":[{"href":"http:\/\/sintema.org.br\/sintema\/wp-json\/wp\/v2\/posts\/5647"}],"collection":[{"href":"http:\/\/sintema.org.br\/sintema\/wp-json\/wp\/v2\/posts"}],"about":[{"href":"http:\/\/sintema.org.br\/sintema\/wp-json\/wp\/v2\/types\/post"}],"author":[{"embeddable":true,"href":"http:\/\/sintema.org.br\/sintema\/wp-json\/wp\/v2\/users\/2"}],"replies":[{"embeddable":true,"href":"http:\/\/sintema.org.br\/sintema\/wp-json\/wp\/v2\/comments?post=5647"}],"version-history":[{"count":2,"href":"http:\/\/sintema.org.br\/sintema\/wp-json\/wp\/v2\/posts\/5647\/revisions"}],"predecessor-version":[{"id":5650,"href":"http:\/\/sintema.org.br\/sintema\/wp-json\/wp\/v2\/posts\/5647\/revisions\/5650"}],"wp:attachment":[{"href":"http:\/\/sintema.org.br\/sintema\/wp-json\/wp\/v2\/media?parent=5647"}],"wp:term":[{"taxonomy":"category","embeddable":true,"href":"http:\/\/sintema.org.br\/sintema\/wp-json\/wp\/v2\/categories?post=5647"},{"taxonomy":"post_tag","embeddable":true,"href":"http:\/\/sintema.org.br\/sintema\/wp-json\/wp\/v2\/tags?post=5647"}],"curies":[{"name":"wp","href":"https:\/\/api.w.org\/{rel}","templated":true}]}}