{"id":5656,"date":"2015-02-13T16:51:42","date_gmt":"2015-02-13T16:51:42","guid":{"rendered":"http:\/\/sintema.org.br\/sintema\/?p=5656"},"modified":"2015-02-13T17:57:52","modified_gmt":"2015-02-13T17:57:52","slug":"delegados-a-plenaria-da-fasubra-sao-eleitos-em-assembleia-geral","status":"publish","type":"post","link":"http:\/\/sintema.org.br\/sintema\/delegados-a-plenaria-da-fasubra-sao-eleitos-em-assembleia-geral\/","title":{"rendered":"Delegados \u00e0 Plen\u00e1ria da Fasubra s\u00e3o eleitos em assembleia geral"},"content":{"rendered":"[caption id=\"attachment_5660\" align=\"alignnone\" width=\"406\"]<a href=\"http:\/\/sintema.org.br\/sintema\/wp-content\/uploads\/2015\/02\/publico.jpg\"><img loading=\"lazy\" class=\" wp-image-5660\" alt=\"publico\" src=\"http:\/\/sintema.org.br\/sintema\/wp-content\/uploads\/2015\/02\/publico.jpg\" width=\"406\" height=\"271\" srcset=\"http:\/\/sintema.org.br\/sintema\/wp-content\/uploads\/2015\/02\/publico.jpg 677w, http:\/\/sintema.org.br\/sintema\/wp-content\/uploads\/2015\/02\/publico-300x199.jpg 300w\" sizes=\"(max-width: 406px) 100vw, 406px\" \/><\/a> P\u00fablico presente atento aos informes pronunciados pelos membros da Mesa.[\/caption]\n<p>&nbsp;<\/p>\n<p>Em assembleia geral realizada na manh\u00e3 desta sexta-feira (13), no audit\u00f3rio do CCET\/UFMA,\u00a0 os trabalhadores em educa\u00e7\u00e3o escolheram os delegados que representar\u00e3o o movimento local na Plen\u00e1ria Nacional Estatut\u00e1ria da Fasubra dos dias 7 e 8 de mar\u00e7o no Rio de Janeiro\/RJ.<\/p>\n<p>&nbsp;<\/p>\n[caption id=\"attachment_5662\" align=\"alignnone\" width=\"406\"]<a href=\"http:\/\/sintema.org.br\/sintema\/wp-content\/uploads\/2015\/02\/jansen.jpg\"><img loading=\"lazy\" class=\" wp-image-5662 \" alt=\"Secret\u00e1rio Geral do Sintema, Jo\u00e3o Batista Jansen, repassa informes.\" src=\"http:\/\/sintema.org.br\/sintema\/wp-content\/uploads\/2015\/02\/jansen.jpg\" width=\"406\" height=\"271\" srcset=\"http:\/\/sintema.org.br\/sintema\/wp-content\/uploads\/2015\/02\/jansen.jpg 677w, http:\/\/sintema.org.br\/sintema\/wp-content\/uploads\/2015\/02\/jansen-300x199.jpg 300w\" sizes=\"(max-width: 406px) 100vw, 406px\" \/><\/a> Secret\u00e1rio Geral do Sintema, Jo\u00e3o Batista Jansen, repassa informes.[\/caption]\n[caption id=\"attachment_5663\" align=\"alignnone\" width=\"406\"]<a href=\"http:\/\/sintema.org.br\/sintema\/wp-content\/uploads\/2015\/02\/mesa.jpg\"><img loading=\"lazy\" class=\" wp-image-5663 \" alt=\"Mariano Azevedo e Samuel Batista conduziram os trabalhos da Mesa.\" src=\"http:\/\/sintema.org.br\/sintema\/wp-content\/uploads\/2015\/02\/mesa.jpg\" width=\"406\" height=\"271\" srcset=\"http:\/\/sintema.org.br\/sintema\/wp-content\/uploads\/2015\/02\/mesa.jpg 677w, http:\/\/sintema.org.br\/sintema\/wp-content\/uploads\/2015\/02\/mesa-300x199.jpg 300w\" sizes=\"(max-width: 406px) 100vw, 406px\" \/><\/a> Mariano Azevedo e Samuel Batista conduziram os trabalhos da assembleia.[\/caption]\n<p>&nbsp;<\/p>\n<p>Mariano Azevedo e Samuel Batista, diretores do Sintema, conduziram os trabalhos da mesa. Al\u00e9m da vota\u00e7\u00e3o da pauta central da assembleia foram repassados informes locais e nacionais, onde os trabalhadores puderam tamb\u00e9m fazer avalia\u00e7\u00f5es de conjuntura do movimento.<\/p>\n[caption id=\"attachment_5661\" align=\"alignnone\" width=\"406\"]<a href=\"http:\/\/sintema.org.br\/sintema\/wp-content\/uploads\/2015\/02\/votacao.jpg\"><img loading=\"lazy\" class=\" wp-image-5661  \" alt=\"Trabalhadores elegem delegados \u00e0 Plen\u00e1ria da Fasubra.\" src=\"http:\/\/sintema.org.br\/sintema\/wp-content\/uploads\/2015\/02\/votacao.jpg\" width=\"406\" height=\"271\" srcset=\"http:\/\/sintema.org.br\/sintema\/wp-content\/uploads\/2015\/02\/votacao.jpg 677w, http:\/\/sintema.org.br\/sintema\/wp-content\/uploads\/2015\/02\/votacao-300x199.jpg 300w\" sizes=\"(max-width: 406px) 100vw, 406px\" \/><\/a> Trabalhadores elegem delegados \u00e0 Plen\u00e1ria da Fasubra.[\/caption]\n<p>Duas chapas foram inscritas (a chapa 1 venceu por quatorze votos de diferen\u00e7a a chapa 2) para escolha dos delegados \u00e0 Plen\u00e1ria, elegendo Mariano Azevedo e Jo\u00e3o Batista Jansen. Ademar Sena de Carvalho foi o delegado indicado pela Dire\u00e7\u00e3o do Sintema e ratificado pelos trabalhadores presentes.<\/p>\n<p>&nbsp;<\/p>\n<p>Nos informes foram tratados diversos assuntos: a constru\u00e7\u00e3o de uma pauta dos TAES para cobrar o comprometimento com as demandas da categoria por parte de todos os candidatos \u00e0 Reitoria da UFMA; a Campanha Salarial unificada dos servidores p\u00fablicos federais; Jornada de 30 horas semanais; Confasubra e a realiza\u00e7\u00e3o, em breve, do CONSINTEMA &#8211; Congresso Estadual dos Trabalhadores em Educa\u00e7\u00e3o da UFMA, entre outros.<\/p>\n<p>Outras assembleias ser\u00e3o realizadas nos pr\u00f3ximos trinta dias para debater os temas elencados nos informes da assembleia de hoje.<\/p>\n<p>&nbsp;<\/p>\n<p>&nbsp;<\/p>\n<p><strong><em>Fonte: Imprensa Sintema.<\/em><\/strong><\/p>\n<p>&nbsp;<\/p>\n","protected":false},"excerpt":{"rendered":"<p>&nbsp; Em assembleia geral realizada na manh\u00e3 desta sexta-feira (13), no audit\u00f3rio do CCET\/UFMA,\u00a0 os trabalhadores em educa\u00e7\u00e3o escolheram os delegados que representar\u00e3o o movimento local na Plen\u00e1ria Nacional Estatut\u00e1ria da Fasubra dos dias 7 e 8 de mar\u00e7o no Rio de Janeiro\/RJ. &nbsp; &nbsp; Mariano Azevedo e Samuel Batista, diretores do Sintema, conduziram os [&hellip;]<\/p>\n","protected":false},"author":2,"featured_media":0,"comment_status":"open","ping_status":"open","sticky":false,"template":"","format":"standard","meta":[],"categories":[12,5],"tags":[],"_links":{"self":[{"href":"http:\/\/sintema.org.br\/sintema\/wp-json\/wp\/v2\/posts\/5656"}],"collection":[{"href":"http:\/\/sintema.org.br\/sintema\/wp-json\/wp\/v2\/posts"}],"about":[{"href":"http:\/\/sintema.org.br\/sintema\/wp-json\/wp\/v2\/types\/post"}],"author":[{"embeddable":true,"href":"http:\/\/sintema.org.br\/sintema\/wp-json\/wp\/v2\/users\/2"}],"replies":[{"embeddable":true,"href":"http:\/\/sintema.org.br\/sintema\/wp-json\/wp\/v2\/comments?post=5656"}],"version-history":[{"count":6,"href":"http:\/\/sintema.org.br\/sintema\/wp-json\/wp\/v2\/posts\/5656\/revisions"}],"predecessor-version":[{"id":5666,"href":"http:\/\/sintema.org.br\/sintema\/wp-json\/wp\/v2\/posts\/5656\/revisions\/5666"}],"wp:attachment":[{"href":"http:\/\/sintema.org.br\/sintema\/wp-json\/wp\/v2\/media?parent=5656"}],"wp:term":[{"taxonomy":"category","embeddable":true,"href":"http:\/\/sintema.org.br\/sintema\/wp-json\/wp\/v2\/categories?post=5656"},{"taxonomy":"post_tag","embeddable":true,"href":"http:\/\/sintema.org.br\/sintema\/wp-json\/wp\/v2\/tags?post=5656"}],"curies":[{"name":"wp","href":"https:\/\/api.w.org\/{rel}","templated":true}]}}