{"id":5667,"date":"2015-02-13T18:09:58","date_gmt":"2015-02-13T18:09:58","guid":{"rendered":"http:\/\/sintema.org.br\/sintema\/?p=5667"},"modified":"2015-02-13T18:24:17","modified_gmt":"2015-02-13T18:24:17","slug":"especializacao-em-gestao-publica-abre-vagas-para-tecnico-administrativos","status":"publish","type":"post","link":"http:\/\/sintema.org.br\/sintema\/especializacao-em-gestao-publica-abre-vagas-para-tecnico-administrativos\/","title":{"rendered":"Especializa\u00e7\u00e3o em Gest\u00e3o P\u00fablica com vagas para T\u00e9cnico-administrativos"},"content":{"rendered":"<h5>O curso de Especializa\u00e7\u00e3o na modalidade EaD, ser\u00e1 destinado a t\u00e9cnico-administrativos ativos da UFMA, graduados em Administra\u00e7\u00e3o, Economia, Contabilidade, Engenharia, Direito e demais \u00e1reas afins<\/h5>\n<p><a href=\"http:\/\/sintema.org.br\/sintema\/wp-content\/uploads\/2015\/02\/NEWSa13b40dd83.jpg\"><img loading=\"lazy\" class=\"alignnone size-full wp-image-5668\" alt=\"NEWSa13b40dd83\" src=\"http:\/\/sintema.org.br\/sintema\/wp-content\/uploads\/2015\/02\/NEWSa13b40dd83.jpg\" width=\"400\" height=\"300\" srcset=\"http:\/\/sintema.org.br\/sintema\/wp-content\/uploads\/2015\/02\/NEWSa13b40dd83.jpg 400w, http:\/\/sintema.org.br\/sintema\/wp-content\/uploads\/2015\/02\/NEWSa13b40dd83-300x225.jpg 300w\" sizes=\"(max-width: 400px) 100vw, 400px\" \/><\/a><\/p>\n<p>A Pr\u00f3-Reitoria de Pesquisa e P\u00f3s-Gradua\u00e7\u00e3o da Universidade Federal do Maranh\u00e3o comunica aos t\u00e9cnico-administrativos que ser\u00e3o abertas, inscri\u00e7\u00f5es para o curso de Especializa\u00e7\u00e3o em Gest\u00e3o P\u00fablica na modalidade \u00e0 dist\u00e2ncia.<\/p>\n<p>O curso de Especializa\u00e7\u00e3o na modalidade EaD, ser\u00e1 destinado a t\u00e9cnico-administrativos \u00a0ativos da UFMA, graduados em Administra\u00e7\u00e3o, Economia, Contabilidade, Engenharia, Direito e demais \u00e1reas afins e ter\u00e1 dura\u00e7\u00e3o de dezesseis (16) meses, carga hor\u00e1ria total de trezentas e sessenta (360) horas, com momentos presenciais obrigat\u00f3rios para avalia\u00e7\u00f5es nos polos de: Bacabal, Balsas, Cod\u00f3, Pinheiro, S\u00e3o Bernardo, Chapadinha, Graja\u00fa, Imperatriz e S\u00e3o Lu\u00eds \u2013 MA.<\/p>\n<p>Ser\u00e3o disponibilizadas vinte (20) vagas. As inscri\u00e7\u00f5es ser\u00e3o realizadas somente via internet no site: http\/\/www.nead.ufma.br\/cacen\/ no per\u00edodo de 11 a 13 de fevereiro de 2015. A efetiva\u00e7\u00e3o da inscri\u00e7\u00e3o se dar\u00e1 com a conclus\u00e3o do preenchimento do formul\u00e1rio eletr\u00f4nico disponibilizado no link informado.<\/p>\n<p>Todos os momentos do curso se dar\u00e3o por meio do Ambiente Virtual de Aprendizagem (AVA), com exce\u00e7\u00e3o das provas presenciais e das defesas de Trabalho de Conclus\u00e3o de Curso (TCC).<\/p>\n<p>Segundo o coordenador do curso de Gest\u00e3o P\u00fablica, Prof. Me. Walber Lins Pontes, a especializa\u00e7\u00e3o visa qualificar servidores na \u00e1rea da Gest\u00e3o p\u00fablica com fins de aprimorar os servi\u00e7os oferecidos pela institui\u00e7\u00e3o, buscando atender cada vez melhor o cidad\u00e3o.<\/p>\n<p>\u201cA oferta do curso se constitui como uma a\u00e7\u00e3o relevante da UFMA para o desenvolvimento das atividades p\u00fablicas e o desenvolvimento do Estado do Maranh\u00e3o\u201d, completa professor Walber.<\/p>\n<p>Para concorrer a uma vaga, o candidato deve apresentar a ficha de inscri\u00e7\u00e3o preenchida, que pode ser acessada pela C<a href=\"http:\/\/www.pppg.ufma.br\/uploads\/files\/Edital%20GPTJ%20MA%202014%20%28SELETIVO%20INTERNO%29.pdf\">HAMADA INTERNA PPPG N\u00ba. 006\/2015<\/a>; c\u00f3pia de documento oficial de identidade com foto, acompanhado do original do documento para comprova\u00e7\u00e3o;\u00a0CPF; c\u00f3pia do t\u00edtulo de eleitor e certid\u00e3o de quita\u00e7\u00e3o eleitoral; c\u00f3pia do diploma de n\u00edvel superior autenticado; c\u00f3pia do hist\u00f3rico escolar do curso de gradua\u00e7\u00e3o com a carga hor\u00e1ria total do curso (autenticado); c\u00f3pia do comprovante de resid\u00eancia; 02 fotos 3X4, recente e em cores; declara\u00e7\u00e3o de v\u00ednculo da UFMA; <em>curriculum vitae<\/em>.<\/p>\n<p>A UFMA divulgar\u00e1 a listagem dos candidatos classificados no dia 23 de fevereiro, nos sites: <a href=\"http:\/\/www.pppg.ufma.br\">http:\/\/www.pppg.ufma.br<\/a> e\/ou http\/\/www.nead.ufma.br\/ e, tamb\u00e9m na Secretaria do curso de Gest\u00e3o P\u00fablica \u2013 NeaD\/UFMA, situada co Campus Universit\u00e1rio do Bacanga, bairro Bacanga, Cep 65080-040, S\u00e3o Lu\u00eds-Ma.<\/p>\n<p>De acordo com o Pr\u00f3-Reitor de Pesquisa e P\u00f3s-Gradua\u00e7\u00e3o, Prof. Dr. Fernando Carvalho Silva,\u00a0esta \u00e9 mais uma a\u00e7\u00e3o da PPPG, visando \u00e0 qualifica\u00e7\u00e3o dos t\u00e9cnicos da UFMA.<\/p>\n<p>&nbsp;<\/p>\n<p>Fonte: UFMA.<\/p>\n","protected":false},"excerpt":{"rendered":"<p>O curso de Especializa\u00e7\u00e3o na modalidade EaD, ser\u00e1 destinado a t\u00e9cnico-administrativos ativos da UFMA, graduados em Administra\u00e7\u00e3o, Economia, Contabilidade, Engenharia, Direito e demais \u00e1reas afins A Pr\u00f3-Reitoria de Pesquisa e P\u00f3s-Gradua\u00e7\u00e3o da Universidade Federal do Maranh\u00e3o comunica aos t\u00e9cnico-administrativos que ser\u00e3o abertas, inscri\u00e7\u00f5es para o curso de Especializa\u00e7\u00e3o em Gest\u00e3o P\u00fablica na modalidade \u00e0 dist\u00e2ncia. [&hellip;]<\/p>\n","protected":false},"author":2,"featured_media":0,"comment_status":"open","ping_status":"open","sticky":false,"template":"","format":"standard","meta":[],"categories":[5],"tags":[],"_links":{"self":[{"href":"http:\/\/sintema.org.br\/sintema\/wp-json\/wp\/v2\/posts\/5667"}],"collection":[{"href":"http:\/\/sintema.org.br\/sintema\/wp-json\/wp\/v2\/posts"}],"about":[{"href":"http:\/\/sintema.org.br\/sintema\/wp-json\/wp\/v2\/types\/post"}],"author":[{"embeddable":true,"href":"http:\/\/sintema.org.br\/sintema\/wp-json\/wp\/v2\/users\/2"}],"replies":[{"embeddable":true,"href":"http:\/\/sintema.org.br\/sintema\/wp-json\/wp\/v2\/comments?post=5667"}],"version-history":[{"count":2,"href":"http:\/\/sintema.org.br\/sintema\/wp-json\/wp\/v2\/posts\/5667\/revisions"}],"predecessor-version":[{"id":5674,"href":"http:\/\/sintema.org.br\/sintema\/wp-json\/wp\/v2\/posts\/5667\/revisions\/5674"}],"wp:attachment":[{"href":"http:\/\/sintema.org.br\/sintema\/wp-json\/wp\/v2\/media?parent=5667"}],"wp:term":[{"taxonomy":"category","embeddable":true,"href":"http:\/\/sintema.org.br\/sintema\/wp-json\/wp\/v2\/categories?post=5667"},{"taxonomy":"post_tag","embeddable":true,"href":"http:\/\/sintema.org.br\/sintema\/wp-json\/wp\/v2\/tags?post=5667"}],"curies":[{"name":"wp","href":"https:\/\/api.w.org\/{rel}","templated":true}]}}