{"id":5670,"date":"2015-02-13T18:20:24","date_gmt":"2015-02-13T18:20:24","guid":{"rendered":"http:\/\/sintema.org.br\/sintema\/?p=5670"},"modified":"2015-02-13T18:23:18","modified_gmt":"2015-02-13T18:23:18","slug":"ufma-abre-vaga-de-mestrado-para-tecnico-administrativos-em-educacao","status":"publish","type":"post","link":"http:\/\/sintema.org.br\/sintema\/ufma-abre-vaga-de-mestrado-para-tecnico-administrativos-em-educacao\/","title":{"rendered":"UFMA abre vaga de Mestrado para T\u00e9cnico-administrativos em Educa\u00e7\u00e3o"},"content":{"rendered":"<p>Est\u00e3o abertas, at\u00e9 dia 20 de fevereiro, as inscri\u00e7\u00f5es para o Mestrado em Energia e Ambiente. A UFMA disponibiliza vagas para T\u00e9cnico-administrativos.<\/p>\n<p><a title=\"Chamada interna n. 01\" href=\"http:\/\/www.pppg.ufma.br\/uploads\/files\/Chamada%20Interna%20N%2001%202015%20PPGEA.pdf\" target=\"_blank\">Confira a chamada interna n. 01, clicando aqui!<\/a><\/p>\n<p><a href=\"http:\/\/sintema.org.br\/sintema\/wp-content\/uploads\/2015\/02\/f7lRGRUaIvV4I9u.png\"><img loading=\"lazy\" class=\"alignnone  wp-image-5671\" alt=\"f7lRGRUaIvV4I9u\" src=\"http:\/\/sintema.org.br\/sintema\/wp-content\/uploads\/2015\/02\/f7lRGRUaIvV4I9u.png\" width=\"418\" height=\"150\" srcset=\"http:\/\/sintema.org.br\/sintema\/wp-content\/uploads\/2015\/02\/f7lRGRUaIvV4I9u.png 697w, http:\/\/sintema.org.br\/sintema\/wp-content\/uploads\/2015\/02\/f7lRGRUaIvV4I9u-300x107.png 300w\" sizes=\"(max-width: 418px) 100vw, 418px\" \/><\/a><\/p>\n","protected":false},"excerpt":{"rendered":"<p>Est\u00e3o abertas, at\u00e9 dia 20 de fevereiro, as inscri\u00e7\u00f5es para o Mestrado em Energia e Ambiente. A UFMA disponibiliza vagas para T\u00e9cnico-administrativos. Confira a chamada interna n. 01, clicando aqui!<\/p>\n","protected":false},"author":2,"featured_media":0,"comment_status":"open","ping_status":"open","sticky":false,"template":"","format":"standard","meta":[],"categories":[5],"tags":[],"_links":{"self":[{"href":"http:\/\/sintema.org.br\/sintema\/wp-json\/wp\/v2\/posts\/5670"}],"collection":[{"href":"http:\/\/sintema.org.br\/sintema\/wp-json\/wp\/v2\/posts"}],"about":[{"href":"http:\/\/sintema.org.br\/sintema\/wp-json\/wp\/v2\/types\/post"}],"author":[{"embeddable":true,"href":"http:\/\/sintema.org.br\/sintema\/wp-json\/wp\/v2\/users\/2"}],"replies":[{"embeddable":true,"href":"http:\/\/sintema.org.br\/sintema\/wp-json\/wp\/v2\/comments?post=5670"}],"version-history":[{"count":2,"href":"http:\/\/sintema.org.br\/sintema\/wp-json\/wp\/v2\/posts\/5670\/revisions"}],"predecessor-version":[{"id":5673,"href":"http:\/\/sintema.org.br\/sintema\/wp-json\/wp\/v2\/posts\/5670\/revisions\/5673"}],"wp:attachment":[{"href":"http:\/\/sintema.org.br\/sintema\/wp-json\/wp\/v2\/media?parent=5670"}],"wp:term":[{"taxonomy":"category","embeddable":true,"href":"http:\/\/sintema.org.br\/sintema\/wp-json\/wp\/v2\/categories?post=5670"},{"taxonomy":"post_tag","embeddable":true,"href":"http:\/\/sintema.org.br\/sintema\/wp-json\/wp\/v2\/tags?post=5670"}],"curies":[{"name":"wp","href":"https:\/\/api.w.org\/{rel}","templated":true}]}}