{"id":5679,"date":"2015-02-20T14:13:53","date_gmt":"2015-02-20T14:13:53","guid":{"rendered":"http:\/\/sintema.org.br\/sintema\/?p=5679"},"modified":"2015-02-20T14:14:43","modified_gmt":"2015-02-20T14:14:43","slug":"03-de-marco-e-dia-nacional-de-luta-e-paralisacao-nas-universidades-federais","status":"publish","type":"post","link":"http:\/\/sintema.org.br\/sintema\/03-de-marco-e-dia-nacional-de-luta-e-paralisacao-nas-universidades-federais\/","title":{"rendered":"03 de Mar\u00e7o &#8211; \u00c9 dia nacional de luta e paralisa\u00e7\u00e3o nas universidades federais!"},"content":{"rendered":"<p>Aten\u00e7\u00e3o Trabalhadores!!! O Sintema estar\u00e1 definindo nos pr\u00f3ximos dias a estrat\u00e9gia de mobiliza\u00e7\u00e3o da categoria em \u00e2mbito local para a realiza\u00e7\u00e3o das atividades de mobiliza\u00e7\u00e3o do Dia Nacional de Lutas, que ocorrer\u00e1 nacionalmente dia 03 de mar\u00e7o.<\/p>\n<p>Fique atento e participe!<\/p>\n<p><a href=\"http:\/\/sintema.org.br\/sintema\/wp-content\/uploads\/2015\/02\/negocia_dilma.jpg\"><img loading=\"lazy\" class=\"alignnone size-full wp-image-5680\" alt=\"negocia_dilma\" src=\"http:\/\/sintema.org.br\/sintema\/wp-content\/uploads\/2015\/02\/negocia_dilma.jpg\" width=\"475\" height=\"325\" srcset=\"http:\/\/sintema.org.br\/sintema\/wp-content\/uploads\/2015\/02\/negocia_dilma.jpg 475w, http:\/\/sintema.org.br\/sintema\/wp-content\/uploads\/2015\/02\/negocia_dilma-300x205.jpg 300w\" sizes=\"(max-width: 475px) 100vw, 475px\" \/><\/a><\/p>\n","protected":false},"excerpt":{"rendered":"<p>Aten\u00e7\u00e3o Trabalhadores!!! O Sintema estar\u00e1 definindo nos pr\u00f3ximos dias a estrat\u00e9gia de mobiliza\u00e7\u00e3o da categoria em \u00e2mbito local para a realiza\u00e7\u00e3o das atividades de mobiliza\u00e7\u00e3o do Dia Nacional de Lutas, que ocorrer\u00e1 nacionalmente dia 03 de mar\u00e7o. Fique atento e participe!<\/p>\n","protected":false},"author":2,"featured_media":0,"comment_status":"open","ping_status":"open","sticky":false,"template":"","format":"standard","meta":[],"categories":[5,18],"tags":[],"_links":{"self":[{"href":"http:\/\/sintema.org.br\/sintema\/wp-json\/wp\/v2\/posts\/5679"}],"collection":[{"href":"http:\/\/sintema.org.br\/sintema\/wp-json\/wp\/v2\/posts"}],"about":[{"href":"http:\/\/sintema.org.br\/sintema\/wp-json\/wp\/v2\/types\/post"}],"author":[{"embeddable":true,"href":"http:\/\/sintema.org.br\/sintema\/wp-json\/wp\/v2\/users\/2"}],"replies":[{"embeddable":true,"href":"http:\/\/sintema.org.br\/sintema\/wp-json\/wp\/v2\/comments?post=5679"}],"version-history":[{"count":2,"href":"http:\/\/sintema.org.br\/sintema\/wp-json\/wp\/v2\/posts\/5679\/revisions"}],"predecessor-version":[{"id":5682,"href":"http:\/\/sintema.org.br\/sintema\/wp-json\/wp\/v2\/posts\/5679\/revisions\/5682"}],"wp:attachment":[{"href":"http:\/\/sintema.org.br\/sintema\/wp-json\/wp\/v2\/media?parent=5679"}],"wp:term":[{"taxonomy":"category","embeddable":true,"href":"http:\/\/sintema.org.br\/sintema\/wp-json\/wp\/v2\/categories?post=5679"},{"taxonomy":"post_tag","embeddable":true,"href":"http:\/\/sintema.org.br\/sintema\/wp-json\/wp\/v2\/tags?post=5679"}],"curies":[{"name":"wp","href":"https:\/\/api.w.org\/{rel}","templated":true}]}}