{"id":5685,"date":"2015-02-24T20:11:51","date_gmt":"2015-02-24T20:11:51","guid":{"rendered":"http:\/\/sintema.org.br\/sintema\/?p=5685"},"modified":"2015-02-24T20:11:51","modified_gmt":"2015-02-24T20:11:51","slug":"trabalhadores-convocados-para-assembleia-geral-no-dia-26-participe","status":"publish","type":"post","link":"http:\/\/sintema.org.br\/sintema\/trabalhadores-convocados-para-assembleia-geral-no-dia-26-participe\/","title":{"rendered":"Trabalhadores convocados para Assembleia Geral no dia 26. Participe!"},"content":{"rendered":"<p>A Dire\u00e7\u00e3o do Sintema, gest\u00e3o Unidade &amp; Trabalho, convoca toda a categoria para assembleia geral do dia 26 de fevereiro, \u00e0s 15 horas, no audit\u00f3rio central da UFMA. Em pauta, o Dia Nacional de Lutas dos trabalhadores em educa\u00e7\u00e3o das universidades p\u00fablicas de todo o Brasil.<\/p>\n<p><a href=\"http:\/\/sintema.org.br\/sintema\/wp-content\/uploads\/2015\/02\/conv.jpg\"><img loading=\"lazy\" class=\"alignnone  wp-image-5686\" alt=\"conv\" src=\"http:\/\/sintema.org.br\/sintema\/wp-content\/uploads\/2015\/02\/conv-720x1024.jpg\" width=\"448\" height=\"637\" srcset=\"http:\/\/sintema.org.br\/sintema\/wp-content\/uploads\/2015\/02\/conv-720x1024.jpg 720w, http:\/\/sintema.org.br\/sintema\/wp-content\/uploads\/2015\/02\/conv-211x300.jpg 211w, http:\/\/sintema.org.br\/sintema\/wp-content\/uploads\/2015\/02\/conv.jpg 960w\" sizes=\"(max-width: 448px) 100vw, 448px\" \/><\/a><\/p>\n","protected":false},"excerpt":{"rendered":"<p>A Dire\u00e7\u00e3o do Sintema, gest\u00e3o Unidade &amp; Trabalho, convoca toda a categoria para assembleia geral do dia 26 de fevereiro, \u00e0s 15 horas, no audit\u00f3rio central da UFMA. Em pauta, o Dia Nacional de Lutas dos trabalhadores em educa\u00e7\u00e3o das universidades p\u00fablicas de todo o Brasil.<\/p>\n","protected":false},"author":2,"featured_media":0,"comment_status":"open","ping_status":"open","sticky":false,"template":"","format":"standard","meta":[],"categories":[12,5],"tags":[],"_links":{"self":[{"href":"http:\/\/sintema.org.br\/sintema\/wp-json\/wp\/v2\/posts\/5685"}],"collection":[{"href":"http:\/\/sintema.org.br\/sintema\/wp-json\/wp\/v2\/posts"}],"about":[{"href":"http:\/\/sintema.org.br\/sintema\/wp-json\/wp\/v2\/types\/post"}],"author":[{"embeddable":true,"href":"http:\/\/sintema.org.br\/sintema\/wp-json\/wp\/v2\/users\/2"}],"replies":[{"embeddable":true,"href":"http:\/\/sintema.org.br\/sintema\/wp-json\/wp\/v2\/comments?post=5685"}],"version-history":[{"count":2,"href":"http:\/\/sintema.org.br\/sintema\/wp-json\/wp\/v2\/posts\/5685\/revisions"}],"predecessor-version":[{"id":5688,"href":"http:\/\/sintema.org.br\/sintema\/wp-json\/wp\/v2\/posts\/5685\/revisions\/5688"}],"wp:attachment":[{"href":"http:\/\/sintema.org.br\/sintema\/wp-json\/wp\/v2\/media?parent=5685"}],"wp:term":[{"taxonomy":"category","embeddable":true,"href":"http:\/\/sintema.org.br\/sintema\/wp-json\/wp\/v2\/categories?post=5685"},{"taxonomy":"post_tag","embeddable":true,"href":"http:\/\/sintema.org.br\/sintema\/wp-json\/wp\/v2\/tags?post=5685"}],"curies":[{"name":"wp","href":"https:\/\/api.w.org\/{rel}","templated":true}]}}