{"id":5690,"date":"2015-03-02T11:55:56","date_gmt":"2015-03-02T11:55:56","guid":{"rendered":"http:\/\/sintema.org.br\/sintema\/?p=5690"},"modified":"2015-03-02T11:55:56","modified_gmt":"2015-03-02T11:55:56","slug":"ministerio-do-planejamento-convida-fasubra-para-reuniao","status":"publish","type":"post","link":"http:\/\/sintema.org.br\/sintema\/ministerio-do-planejamento-convida-fasubra-para-reuniao\/","title":{"rendered":"Minist\u00e9rio do Planejamento convida FASUBRA para Reuni\u00e3o"},"content":{"rendered":"<p>MINIST\u00c9RIO DO PLANEJAMENTO CONVIDA\u00a0ENTIDADES\u00a0<wbr \/>REPRESENTATIVAS DO SERVI\u00c7O\u00a0FEDERAL PARA REUNI\u00c3O.<\/p>\n<p><a href=\"http:\/\/sintema.org.br\/sintema\/wp-content\/uploads\/2015\/03\/mpog.jpg\"><img loading=\"lazy\" class=\"alignnone size-full wp-image-5691\" alt=\"mpog\" src=\"http:\/\/sintema.org.br\/sintema\/wp-content\/uploads\/2015\/03\/mpog.jpg\" width=\"320\" height=\"184\" srcset=\"http:\/\/sintema.org.br\/sintema\/wp-content\/uploads\/2015\/03\/mpog.jpg 320w, http:\/\/sintema.org.br\/sintema\/wp-content\/uploads\/2015\/03\/mpog-300x172.jpg 300w\" sizes=\"(max-width: 320px) 100vw, 320px\" \/><\/a><\/p>\n<p>Poucos dias antes do lan\u00e7amento da\u00a0Campanha Salarial\u00a0dos trabalhadores\u00a0do servi\u00e7o\u00a0 \u00a0p\u00fablico federal,\u00a0a dire\u00e7\u00e3o da FASUBRA\u00a0recebeu\u00a0um convite do Minist\u00e9rio do Planejamento, Or\u00e7amento e Gest\u00e3o \u2013 MPOG, para uma reuni\u00e3o no dia 20\/03\/2015. Na pauta est\u00e3o os temas:<\/p>\n<p>&nbsp;<\/p>\n<p>&#8211; Conjuntura Econ\u00f4mica do ano de 2015<\/p>\n<p>&#8211; Diretrizes para o processo de negocia\u00e7\u00e3o em 2015<\/p>\n<p>&nbsp;<\/p>\n<p>Tal reuni\u00e3o\u00a0que ter\u00e1 participa\u00e7\u00e3o das demais entidades representativas dos trabalhadores no servi\u00e7o p\u00fablico federal, acontece num momento\u00a0em que\u00a0o governo\u00a0aplica\u00a0forte ajuste fiscal que inclusive ataca direitos\u00a0dos trabalhadores p\u00fablicos, numa situa\u00e7\u00e3o onde n\u00e3o h\u00e1 crescimento econ\u00f4mico e que a infla\u00e7\u00e3o est\u00e1 dif\u00edcil de ser domada. Sendo assim, refor\u00e7amos a necessidade de fortalecermos as mobiliza\u00e7\u00f5es e garantirmos que o dia 03 de mar\u00e7o seja de lutas e paralisa\u00e7\u00f5es em todas universidades pelo pa\u00eds.<\/p>\n<p>&nbsp;<\/p>\n<p>Alertamos que n\u00e3o podemos ter ilus\u00f5es\u00a0quanto ao\u00a0processo de negocia\u00e7\u00e3o na atual conjuntura\u00a0v\u00e1\u00a0se desenvolver positivamente com ganhos para a categoria se n\u00e3o estivermos organizados e mobilizados com grande disposi\u00e7\u00e3o de\u00a0luta.<\/p>\n<p>Fonte: Fasubra.<\/p>\n","protected":false},"excerpt":{"rendered":"<p>MINIST\u00c9RIO DO PLANEJAMENTO CONVIDA\u00a0ENTIDADES\u00a0REPRESENTATIVAS DO SERVI\u00c7O\u00a0FEDERAL PARA REUNI\u00c3O. Poucos dias antes do lan\u00e7amento da\u00a0Campanha Salarial\u00a0dos trabalhadores\u00a0do servi\u00e7o\u00a0 \u00a0p\u00fablico federal,\u00a0a dire\u00e7\u00e3o da FASUBRA\u00a0recebeu\u00a0um convite do Minist\u00e9rio do Planejamento, Or\u00e7amento e Gest\u00e3o \u2013 MPOG, para uma reuni\u00e3o no dia 20\/03\/2015. Na pauta est\u00e3o os temas: &nbsp; &#8211; Conjuntura Econ\u00f4mica do ano de 2015 &#8211; Diretrizes para o [&hellip;]<\/p>\n","protected":false},"author":2,"featured_media":0,"comment_status":"open","ping_status":"open","sticky":false,"template":"","format":"standard","meta":[],"categories":[5,18],"tags":[],"_links":{"self":[{"href":"http:\/\/sintema.org.br\/sintema\/wp-json\/wp\/v2\/posts\/5690"}],"collection":[{"href":"http:\/\/sintema.org.br\/sintema\/wp-json\/wp\/v2\/posts"}],"about":[{"href":"http:\/\/sintema.org.br\/sintema\/wp-json\/wp\/v2\/types\/post"}],"author":[{"embeddable":true,"href":"http:\/\/sintema.org.br\/sintema\/wp-json\/wp\/v2\/users\/2"}],"replies":[{"embeddable":true,"href":"http:\/\/sintema.org.br\/sintema\/wp-json\/wp\/v2\/comments?post=5690"}],"version-history":[{"count":1,"href":"http:\/\/sintema.org.br\/sintema\/wp-json\/wp\/v2\/posts\/5690\/revisions"}],"predecessor-version":[{"id":5692,"href":"http:\/\/sintema.org.br\/sintema\/wp-json\/wp\/v2\/posts\/5690\/revisions\/5692"}],"wp:attachment":[{"href":"http:\/\/sintema.org.br\/sintema\/wp-json\/wp\/v2\/media?parent=5690"}],"wp:term":[{"taxonomy":"category","embeddable":true,"href":"http:\/\/sintema.org.br\/sintema\/wp-json\/wp\/v2\/categories?post=5690"},{"taxonomy":"post_tag","embeddable":true,"href":"http:\/\/sintema.org.br\/sintema\/wp-json\/wp\/v2\/tags?post=5690"}],"curies":[{"name":"wp","href":"https:\/\/api.w.org\/{rel}","templated":true}]}}