{"id":5694,"date":"2015-03-02T12:48:07","date_gmt":"2015-03-02T12:48:07","guid":{"rendered":"http:\/\/sintema.org.br\/sintema\/?p=5694"},"modified":"2015-03-02T14:02:29","modified_gmt":"2015-03-02T14:02:29","slug":"sintema-convoca-para-mobilizacao-na-entrada-da-ufma-participe","status":"publish","type":"post","link":"http:\/\/sintema.org.br\/sintema\/sintema-convoca-para-mobilizacao-na-entrada-da-ufma-participe\/","title":{"rendered":"Sintema convoca para mobiliza\u00e7\u00e3o na entrada da UFMA. Participe!"},"content":{"rendered":"<p><a href=\"http:\/\/sintema.org.br\/sintema\/wp-content\/uploads\/2015\/03\/DIA.jpg\"><img loading=\"lazy\" class=\"alignnone  wp-image-5695\" alt=\"DIA\" src=\"http:\/\/sintema.org.br\/sintema\/wp-content\/uploads\/2015\/03\/DIA-1024x443.jpg\" width=\"384\" height=\"166\" srcset=\"http:\/\/sintema.org.br\/sintema\/wp-content\/uploads\/2015\/03\/DIA-1024x443.jpg 1024w, http:\/\/sintema.org.br\/sintema\/wp-content\/uploads\/2015\/03\/DIA-300x130.jpg 300w, http:\/\/sintema.org.br\/sintema\/wp-content\/uploads\/2015\/03\/DIA.jpg 1103w\" sizes=\"(max-width: 384px) 100vw, 384px\" \/><\/a><\/p>\n<p>O Sintema convoca o conjunto dos trabalhadores em educa\u00e7\u00e3o da UFMA para se fazerem presentes no ato local do Dia Nacional de Mobiliza\u00e7\u00e3o em defesa da educa\u00e7\u00e3o p\u00fablica e dos direitos dos trabalhadores.<\/p>\n<p>&nbsp;<\/p>\n<p>A a\u00e7\u00e3o faz parte da mobiliza\u00e7\u00e3o convocada pela FASUBRA em todo o pa\u00eds como forma de pressionar o Governo Federal a negociar efetivamente com os trabalhadores, garantindo a evolu\u00e7\u00e3o de demandas que se arrastam h\u00e1 anos sem a devida solu\u00e7\u00e3o.<\/p>\n<p>Participe! Voc\u00ea faz parte dessa luta!<\/p>\n<p>Local: Port\u00e3o central de entrada do Campus do Bacanga.<\/p>\n<p>Hor\u00e1rio: a partir das 7:00h<\/p>\n<p>&nbsp;<\/p>\n","protected":false},"excerpt":{"rendered":"<p>O Sintema convoca o conjunto dos trabalhadores em educa\u00e7\u00e3o da UFMA para se fazerem presentes no ato local do Dia Nacional de Mobiliza\u00e7\u00e3o em defesa da educa\u00e7\u00e3o p\u00fablica e dos direitos dos trabalhadores. &nbsp; A a\u00e7\u00e3o faz parte da mobiliza\u00e7\u00e3o convocada pela FASUBRA em todo o pa\u00eds como forma de pressionar o Governo Federal a [&hellip;]<\/p>\n","protected":false},"author":2,"featured_media":0,"comment_status":"open","ping_status":"open","sticky":false,"template":"","format":"standard","meta":[],"categories":[12,5],"tags":[],"_links":{"self":[{"href":"http:\/\/sintema.org.br\/sintema\/wp-json\/wp\/v2\/posts\/5694"}],"collection":[{"href":"http:\/\/sintema.org.br\/sintema\/wp-json\/wp\/v2\/posts"}],"about":[{"href":"http:\/\/sintema.org.br\/sintema\/wp-json\/wp\/v2\/types\/post"}],"author":[{"embeddable":true,"href":"http:\/\/sintema.org.br\/sintema\/wp-json\/wp\/v2\/users\/2"}],"replies":[{"embeddable":true,"href":"http:\/\/sintema.org.br\/sintema\/wp-json\/wp\/v2\/comments?post=5694"}],"version-history":[{"count":2,"href":"http:\/\/sintema.org.br\/sintema\/wp-json\/wp\/v2\/posts\/5694\/revisions"}],"predecessor-version":[{"id":5697,"href":"http:\/\/sintema.org.br\/sintema\/wp-json\/wp\/v2\/posts\/5694\/revisions\/5697"}],"wp:attachment":[{"href":"http:\/\/sintema.org.br\/sintema\/wp-json\/wp\/v2\/media?parent=5694"}],"wp:term":[{"taxonomy":"category","embeddable":true,"href":"http:\/\/sintema.org.br\/sintema\/wp-json\/wp\/v2\/categories?post=5694"},{"taxonomy":"post_tag","embeddable":true,"href":"http:\/\/sintema.org.br\/sintema\/wp-json\/wp\/v2\/tags?post=5694"}],"curies":[{"name":"wp","href":"https:\/\/api.w.org\/{rel}","templated":true}]}}