{"id":5698,"date":"2015-03-03T16:21:05","date_gmt":"2015-03-03T16:21:05","guid":{"rendered":"http:\/\/sintema.org.br\/sintema\/?p=5698"},"modified":"2015-03-03T16:32:02","modified_gmt":"2015-03-03T16:32:02","slug":"trabalhadores-realizam-mobilizacao-no-portao-central-da-ufma","status":"publish","type":"post","link":"http:\/\/sintema.org.br\/sintema\/trabalhadores-realizam-mobilizacao-no-portao-central-da-ufma\/","title":{"rendered":"Trabalhadores realizam &#8220;DIA NACIONAL DE LUTAS&#8221; na entrada da UFMA"},"content":{"rendered":"[caption id=\"attachment_5702\" align=\"alignnone\" width=\"508\"]<a href=\"http:\/\/sintema.org.br\/sintema\/wp-content\/uploads\/2015\/03\/dianl.jpg\"><img loading=\"lazy\" class=\" wp-image-5702 \" alt=\"dianl\" src=\"http:\/\/sintema.org.br\/sintema\/wp-content\/uploads\/2015\/03\/dianl.jpg\" width=\"508\" height=\"285\" srcset=\"http:\/\/sintema.org.br\/sintema\/wp-content\/uploads\/2015\/03\/dianl.jpg 847w, http:\/\/sintema.org.br\/sintema\/wp-content\/uploads\/2015\/03\/dianl-300x168.jpg 300w\" sizes=\"(max-width: 508px) 100vw, 508px\" \/><\/a> Trabalhadores abordaram todos que adentravam o campus no intuito de alertar sobre a pauta de reivindica\u00e7\u00f5es dos trabalhadores em todo o Brasil.[\/caption]\n<p>&nbsp;<\/p>\n<p>Como forma de integrar o chamado Dia Nacional de Lutas convocado pela FASUBRA em todo Brasil, os T\u00e9cnico-administrativos em Educa\u00e7\u00e3o da UFMA realizaram atividade de mobiliza\u00e7\u00e3o nesta ter\u00e7a-feira (03).<\/p>\n<p>Logo cedo, \u00e0s 7h, os trabalhadores come\u00e7aram a se organizar para alertar a comunidade universit\u00e1ria sobre a falta de negocia\u00e7\u00e3o do Governo com a categoria, fato que emperra o avan\u00e7o de quest\u00f5es importantes para o conjunto dos trabalhadores em educa\u00e7\u00e3o das universidades publicas federais no pa\u00eds.<\/p>\n<p>&nbsp;<\/p>\n[caption id=\"attachment_5703\" align=\"alignnone\" width=\"406\"]<a href=\"http:\/\/sintema.org.br\/sintema\/wp-content\/uploads\/2015\/03\/01.jpg\"><img loading=\"lazy\" class=\" wp-image-5703 \" alt=\"O tr\u00e2nsito era rapidamente interrompido, depois liberado, como forma chamar a aten\u00e7\u00e3o dos motoristas.\" src=\"http:\/\/sintema.org.br\/sintema\/wp-content\/uploads\/2015\/03\/01.jpg\" width=\"406\" height=\"271\" srcset=\"http:\/\/sintema.org.br\/sintema\/wp-content\/uploads\/2015\/03\/01.jpg 677w, http:\/\/sintema.org.br\/sintema\/wp-content\/uploads\/2015\/03\/01-300x199.jpg 300w\" sizes=\"(max-width: 406px) 100vw, 406px\" \/><\/a> O tr\u00e2nsito era rapidamente interrompido como forma chamar a aten\u00e7\u00e3o dos motoristas.[\/caption]\n<p>Com panfletos, carro de som e apita\u00e7os os trabalhadores deram o tom do ato que durou quase tr\u00eas horas. Outras mobiliza\u00e7\u00f5es acontecer\u00e3o e desde j\u00e1 toda a categoria est\u00e1 convocada a se fazer presente.<\/p>\n[caption id=\"attachment_5704\" align=\"alignnone\" width=\"406\"]<a href=\"http:\/\/sintema.org.br\/sintema\/wp-content\/uploads\/2015\/03\/02.jpg\"><img loading=\"lazy\" class=\" wp-image-5704 \" alt=\"Mesmo sob forte chuva os trabalhadores n\u00e3o arredaram o p\u00e9 do Ato de mobiliza\u00e7\u00e3o desta ter\u00e7a-feira (03).\" src=\"http:\/\/sintema.org.br\/sintema\/wp-content\/uploads\/2015\/03\/02.jpg\" width=\"406\" height=\"271\" srcset=\"http:\/\/sintema.org.br\/sintema\/wp-content\/uploads\/2015\/03\/02.jpg 677w, http:\/\/sintema.org.br\/sintema\/wp-content\/uploads\/2015\/03\/02-300x199.jpg 300w\" sizes=\"(max-width: 406px) 100vw, 406px\" \/><\/a> Mesmo sob forte chuva os trabalhadores n\u00e3o arredaram o p\u00e9 do Ato de mobiliza\u00e7\u00e3o desta ter\u00e7a-feira (03).[\/caption]\n<p>Indagado sobre a import\u00e2ncia da mobiliza\u00e7\u00e3o deste dia 3, o presidente do Sintema, Mariano Azevedo, ressaltou que \u00e9 imprescind\u00edvel a uni\u00e3o e predisposi\u00e7\u00e3o dos trabalhadores neste momento no intuito de enfrentar as medidas contr\u00e1rias \u00e0 educa\u00e7\u00e3o p\u00fablica e aos direitos dos trabalhadores.<\/p>\n<p><a href=\"http:\/\/sintema.org.br\/sintema\/wp-content\/uploads\/2015\/03\/04.jpg\"><img loading=\"lazy\" class=\"alignnone  wp-image-5705\" alt=\"04\" src=\"http:\/\/sintema.org.br\/sintema\/wp-content\/uploads\/2015\/03\/04.jpg\" width=\"406\" height=\"271\" srcset=\"http:\/\/sintema.org.br\/sintema\/wp-content\/uploads\/2015\/03\/04.jpg 677w, http:\/\/sintema.org.br\/sintema\/wp-content\/uploads\/2015\/03\/04-300x199.jpg 300w\" sizes=\"(max-width: 406px) 100vw, 406px\" \/><\/a><\/p>\n<p>Confira o conte\u00fado do informativo divulgado pelos trabalhadores:<\/p>\n<p><strong>EM DEFESA DA EDUCA\u00c7\u00c3O P\u00daBLICA E DOS DIREITOS DOS TRABALHADORES<\/strong><\/p>\n<p>Os trabalhadores T\u00e9cnico-administrativos em Educa\u00e7\u00e3o de todo o Brasil participam hoje do Dia Nacional de Lutas em defesa da Educa\u00e7\u00e3o P\u00fablica e dos Direitos dos Trabalhadores. Buscam al\u00e9m da pauta econ\u00f4mica, garantir aos trabalhadores e \u00e0 sociedade a manuten\u00e7\u00e3o e amplia\u00e7\u00e3o de direitos sociais b\u00e1sicos da Educa\u00e7\u00e3o.<br \/>\nNa contra m\u00e3o dessa luta o Governo Federal implementou diversas medidas prejudiciais n\u00e3o s\u00f3 aos trabalhadores, mas como para toda a sociedade (altera\u00e7\u00f5es na previd\u00eancia social, em direitos como seguro-desemprego, aumento da taxa de juros, etc.), o que para o SINTEMA, FASUBRA e as Centrais Sindicais \u00e9 penalizar o lado mais fraco, beneficiando como sempre os donos do capital financeiro.<br \/>\nDentro dessa conjuntura de imposi\u00e7\u00e3o do mercado, a mudan\u00e7a de Governo trouxe novos ministros da Educa\u00e7\u00e3o e Planejamento, a mudan\u00e7a de equipes de trabalho desses Minist\u00e9rios e a falta de di\u00e1logo at\u00e9 o presente momento, mesmo a FASUBRA j\u00e1 tendo solicitado, por duas vezes, o seguimento das negocia\u00e7\u00f5es dadas at\u00e9 2014. Estes fatos acenderam a luz amarela de alerta na categoria dos trabalhadores em educa\u00e7\u00e3o sendo necess\u00e1rio dar uma resposta ao Governo.<br \/>\nPara a Dire\u00e7\u00e3o do Sintema, gest\u00e3o Unidade &amp; Trabalho, os trabalhadores precisam participar mais das atividades de mobiliza\u00e7\u00e3o e embate com o Governo, j\u00e1 que o cen\u00e1rio que se apresenta para os pr\u00f3ximos quatro anos \u00e9 obscuro. \u201cA presidenta Dilma no dia da posse anuncia que a educa\u00e7\u00e3o ser\u00e1 prioridade do novo governo, mas no dia seguinte decreta um corte de milh\u00f5es no or\u00e7amento da pasta.<\/p>\n<p>N\u00e3o aceitaremos quaisquer medidas impostas, \u00e9 preciso dialogar com as nossas Centrais e Federa\u00e7\u00f5es\u201d, disse Mariano Azevedo, presidente do Sintema.<br \/>\nBuscando fortalecer a luta, a FASUBRA vem participando do F\u00f3rum de discuss\u00f5es dos servidores p\u00fablicos federais. Foi aprovada uma pauta unificada para a defesa do conjunto dos SPF\u00b4s. Confira os eixos j\u00e1 aprovados at\u00e9 o momento:<\/p>\n<p>&nbsp;<\/p>\n<p><strong>-Politica salarial permanente com corre\u00e7\u00e3o das distor\u00e7\u00f5es e reposi\u00e7\u00e3o das perdas inflacion\u00e1rias, e \u00edndice linear de 27,3%;<\/strong><br \/>\n<strong>&#8211; Data-base em 1\u00ba de Maio;<\/strong><br \/>\n<strong>&#8211; Direito de negocia\u00e7\u00e3o coletiva (conven\u00e7\u00e3o 151 OIT);<\/strong><br \/>\n<strong>&#8211; Paridade salarial entre ativos e aposentados;<\/strong><br \/>\n<strong>&#8211; Retirada dos projetos do Congresso Nacional que atacam direitos, e aprova\u00e7\u00e3o imediata dos projetos de interesse dos servidores;<\/strong><br \/>\n<strong>&#8211; Isonomia salarial e de todos os benef\u00edcios entre os poderes;<\/strong><br \/>\n<strong>&#8211; Anula\u00e7\u00e3o da reforma da previd\u00eancia realizada atrav\u00e9s da compra de votos dos parlamentares;<\/strong><br \/>\n<strong>&#8211; Extin\u00e7\u00e3o do Fator Previdenci\u00e1rio;<\/strong><br \/>\n<strong>&#8211;\u00a0 Incorpora\u00e7\u00e3o de todas as gratifica\u00e7\u00f5es produtivistas;<\/strong><br \/>\n<strong>&#8211; Fim da Terceiriza\u00e7\u00e3o que retira direito dos trabalhadores;<\/strong><br \/>\n<strong>&#8211; Concurso p\u00fablico pelo RJU;<\/strong><br \/>\n<strong>&#8211; Combate a toda forma de privatiza\u00e7\u00e3o;<\/strong><br \/>\n<strong>&#8211; Pela aprova\u00e7\u00e3o da PEC 555 que extingue a cobran\u00e7a previdenci\u00e1ria dos aposentados;<\/strong><br \/>\n<strong>&#8211; Pela aprova\u00e7\u00e3o do PL 4434 que recomp\u00f5e as perdas salariais;<\/strong><br \/>\n<strong>-Regulamenta\u00e7\u00e3o da jornada de trabalho para o m\u00e1ximo de 30 horas sem redu\u00e7\u00e3o salarial;<\/strong><br \/>\n<strong>&#8211; Pec 170\/2012 \u2013 aprova\u00e7\u00e3o de aposentadoria integral por invalidez.<\/strong><br \/>\n<strong>&#8211; Libera\u00e7\u00e3o de dirigentes sindicais com \u00f4nus para o estado, sem preju\u00edzo as promo\u00e7\u00f5es e progress\u00f5es na carreira;<\/strong><br \/>\n<strong>&#8211; Pela revoga\u00e7\u00e3o do FUNPRESP e da EBSERH.<\/strong><\/p>\n<p>Fonte: Imprensa Sintema.<\/p>\n<p>&nbsp;<\/p>\n<p>&nbsp;<\/p>\n","protected":false},"excerpt":{"rendered":"<p>&nbsp; Como forma de integrar o chamado Dia Nacional de Lutas convocado pela FASUBRA em todo Brasil, os T\u00e9cnico-administrativos em Educa\u00e7\u00e3o da UFMA realizaram atividade de mobiliza\u00e7\u00e3o nesta ter\u00e7a-feira (03). Logo cedo, \u00e0s 7h, os trabalhadores come\u00e7aram a se organizar para alertar a comunidade universit\u00e1ria sobre a falta de negocia\u00e7\u00e3o do Governo com a categoria, [&hellip;]<\/p>\n","protected":false},"author":2,"featured_media":0,"comment_status":"open","ping_status":"open","sticky":false,"template":"","format":"standard","meta":[],"categories":[12,5],"tags":[],"_links":{"self":[{"href":"http:\/\/sintema.org.br\/sintema\/wp-json\/wp\/v2\/posts\/5698"}],"collection":[{"href":"http:\/\/sintema.org.br\/sintema\/wp-json\/wp\/v2\/posts"}],"about":[{"href":"http:\/\/sintema.org.br\/sintema\/wp-json\/wp\/v2\/types\/post"}],"author":[{"embeddable":true,"href":"http:\/\/sintema.org.br\/sintema\/wp-json\/wp\/v2\/users\/2"}],"replies":[{"embeddable":true,"href":"http:\/\/sintema.org.br\/sintema\/wp-json\/wp\/v2\/comments?post=5698"}],"version-history":[{"count":8,"href":"http:\/\/sintema.org.br\/sintema\/wp-json\/wp\/v2\/posts\/5698\/revisions"}],"predecessor-version":[{"id":5710,"href":"http:\/\/sintema.org.br\/sintema\/wp-json\/wp\/v2\/posts\/5698\/revisions\/5710"}],"wp:attachment":[{"href":"http:\/\/sintema.org.br\/sintema\/wp-json\/wp\/v2\/media?parent=5698"}],"wp:term":[{"taxonomy":"category","embeddable":true,"href":"http:\/\/sintema.org.br\/sintema\/wp-json\/wp\/v2\/categories?post=5698"},{"taxonomy":"post_tag","embeddable":true,"href":"http:\/\/sintema.org.br\/sintema\/wp-json\/wp\/v2\/tags?post=5698"}],"curies":[{"name":"wp","href":"https:\/\/api.w.org\/{rel}","templated":true}]}}