{"id":5711,"date":"2015-03-03T16:41:24","date_gmt":"2015-03-03T16:41:24","guid":{"rendered":"http:\/\/sintema.org.br\/sintema\/?p=5711"},"modified":"2015-03-03T16:43:09","modified_gmt":"2015-03-03T16:43:09","slug":"sintema-convida-para-missa-de-1-mes-do-falecimento-de-jose-da-costa-silva","status":"publish","type":"post","link":"http:\/\/sintema.org.br\/sintema\/sintema-convida-para-missa-de-1-mes-do-falecimento-de-jose-da-costa-silva\/","title":{"rendered":"Sintema convida para Missa de 1 m\u00eas do falecimento de Jos\u00e9 da Costa Silva"},"content":{"rendered":"<p><a href=\"http:\/\/sintema.org.br\/sintema\/wp-content\/uploads\/2015\/03\/josedacosta.jpg\"><img loading=\"lazy\" class=\"alignnone  wp-image-5712\" alt=\"josedacosta\" src=\"http:\/\/sintema.org.br\/sintema\/wp-content\/uploads\/2015\/03\/josedacosta.jpg\" width=\"378\" height=\"453\" srcset=\"http:\/\/sintema.org.br\/sintema\/wp-content\/uploads\/2015\/03\/josedacosta.jpg 540w, http:\/\/sintema.org.br\/sintema\/wp-content\/uploads\/2015\/03\/josedacosta-250x300.jpg 250w\" sizes=\"(max-width: 378px) 100vw, 378px\" \/><\/a><\/p>\n<p>A diretoria do Sintema convida toda a categoria para participar da Missa de 1 m\u00eas do falecimento do associado Jos\u00e9 da Costa Silva.<\/p>\n<p>A missa est\u00e1 sendo organizada pela fam\u00edlia de Jos\u00e9 Silva.<\/p>\n<p><strong>O ato ser\u00e1 celebrado amanh\u00e3, quarta-feira, dia 04\/03\/2015, \u00e0s 17:00 horas, na Igreja de S\u00e3o Jos\u00e9 de Ribamar, na cidade balne\u00e1ria de mesmo nome da igreja.<\/strong><\/p>\n<p>O Sintema conclama a categoria a participar deste ato de f\u00e9 e piedade crist\u00e3.<\/p>\n<p><em>Fonte: Imprensa Sintema.<\/em><\/p>\n","protected":false},"excerpt":{"rendered":"<p>A diretoria do Sintema convida toda a categoria para participar da Missa de 1 m\u00eas do falecimento do associado Jos\u00e9 da Costa Silva. A missa est\u00e1 sendo organizada pela fam\u00edlia de Jos\u00e9 Silva. O ato ser\u00e1 celebrado amanh\u00e3, quarta-feira, dia 04\/03\/2015, \u00e0s 17:00 horas, na Igreja de S\u00e3o Jos\u00e9 de Ribamar, na cidade balne\u00e1ria de [&hellip;]<\/p>\n","protected":false},"author":2,"featured_media":0,"comment_status":"open","ping_status":"open","sticky":false,"template":"","format":"standard","meta":[],"categories":[5,8],"tags":[],"_links":{"self":[{"href":"http:\/\/sintema.org.br\/sintema\/wp-json\/wp\/v2\/posts\/5711"}],"collection":[{"href":"http:\/\/sintema.org.br\/sintema\/wp-json\/wp\/v2\/posts"}],"about":[{"href":"http:\/\/sintema.org.br\/sintema\/wp-json\/wp\/v2\/types\/post"}],"author":[{"embeddable":true,"href":"http:\/\/sintema.org.br\/sintema\/wp-json\/wp\/v2\/users\/2"}],"replies":[{"embeddable":true,"href":"http:\/\/sintema.org.br\/sintema\/wp-json\/wp\/v2\/comments?post=5711"}],"version-history":[{"count":2,"href":"http:\/\/sintema.org.br\/sintema\/wp-json\/wp\/v2\/posts\/5711\/revisions"}],"predecessor-version":[{"id":5714,"href":"http:\/\/sintema.org.br\/sintema\/wp-json\/wp\/v2\/posts\/5711\/revisions\/5714"}],"wp:attachment":[{"href":"http:\/\/sintema.org.br\/sintema\/wp-json\/wp\/v2\/media?parent=5711"}],"wp:term":[{"taxonomy":"category","embeddable":true,"href":"http:\/\/sintema.org.br\/sintema\/wp-json\/wp\/v2\/categories?post=5711"},{"taxonomy":"post_tag","embeddable":true,"href":"http:\/\/sintema.org.br\/sintema\/wp-json\/wp\/v2\/tags?post=5711"}],"curies":[{"name":"wp","href":"https:\/\/api.w.org\/{rel}","templated":true}]}}