{"id":5715,"date":"2015-03-06T13:32:12","date_gmt":"2015-03-06T13:32:12","guid":{"rendered":"http:\/\/sintema.org.br\/sintema\/?p=5715"},"modified":"2015-03-06T13:32:12","modified_gmt":"2015-03-06T13:32:12","slug":"0603-no-rio-ato-nacional-contra-a-ebserh-e-em-defesa-dos-hospitais-universitarios","status":"publish","type":"post","link":"http:\/\/sintema.org.br\/sintema\/0603-no-rio-ato-nacional-contra-a-ebserh-e-em-defesa-dos-hospitais-universitarios\/","title":{"rendered":"06\/03 NO RIO &#8211; ATO NACIONAL CONTRA A EBSERH E EM DEFESA DOS HOSPITAIS UNIVERSIT\u00c1RIOS!"},"content":{"rendered":"<p><a href=\"http:\/\/sintema.org.br\/sintema\/wp-content\/uploads\/2015\/03\/fasubra_na_rua.jpg\"><img loading=\"lazy\" class=\"alignnone  wp-image-5716\" alt=\"fasubra_na_rua\" src=\"http:\/\/sintema.org.br\/sintema\/wp-content\/uploads\/2015\/03\/fasubra_na_rua.jpg\" width=\"480\" height=\"360\" \/><\/a><\/p>\n<p>A FASUBRA, como tamb\u00e9m o F\u00f3rum das Entidades do Servi\u00e7o Publico Federal est\u00e3o convocando um ato nacional na cidade do Rio de Janeiro contra a EBSERH, em defesa dos hospitais universit\u00e1rios e do SUS.<\/p>\n<p>&nbsp;<\/p>\n<p>V\u00e1rios sindicatos, movimentos populares e entidades estudantis ir\u00e3o participar dessa manifesta\u00e7\u00e3o que vai come\u00e7ar \u00e0s 15 horas com concentra\u00e7\u00e3o na Pra\u00e7a da Cruz Vermelha em frente ao INCA.<\/p>\n<p>&nbsp;<\/p>\n<p>V\u00e1rios delegad@s\u00a0 de todo pa\u00eds que v\u00e3o participar da plen\u00e1ria nacional da FASUBRA ( 07 e 08 de mar\u00e7o) tamb\u00e9m ir\u00e3o participar desse dia de luta (06 de mar\u00e7o), al\u00e9m de algumas delega\u00e7\u00f5es terem confirmado presen\u00e7a. <a href=\"http:\/\/sintema.org.br\/sintema\/?p=5656\" target=\"_blank\">Mariano Azevedo, Jo\u00e3o Batista Jansen e Ademar Sena de Carvalho est\u00e3o no Rio de Janeiro representando os trabalhadores em educa\u00e7\u00e3o da UFMA nas atividades de manifesta\u00e7\u00e3o e na Plen\u00e1ria Nacional.<\/a><\/p>\n[caption id=\"attachment_5661\" align=\"alignnone\" width=\"406\"]<a href=\"http:\/\/sintema.org.br\/sintema\/wp-content\/uploads\/2015\/02\/votacao.jpg\"><img loading=\"lazy\" class=\" wp-image-5661 \" alt=\"Trabalhadores elegem delegados \u00e0 Plen\u00e1ria da Fasubra.\" src=\"http:\/\/sintema.org.br\/sintema\/wp-content\/uploads\/2015\/02\/votacao.jpg\" width=\"406\" height=\"271\" srcset=\"http:\/\/sintema.org.br\/sintema\/wp-content\/uploads\/2015\/02\/votacao.jpg 677w, http:\/\/sintema.org.br\/sintema\/wp-content\/uploads\/2015\/02\/votacao-300x199.jpg 300w\" sizes=\"(max-width: 406px) 100vw, 406px\" \/><\/a> Trabalhadores elegem delegados \u00e0 Plen\u00e1ria da Fasubra.[\/caption]\n<p>&nbsp;<\/p>\n<p>Fazemos um chamado a todas trabalhadoras e trabalhadores das universidades publicas do Rio de Janeiro a participarem dessa importante iniciativa para denunciar os ataques do governo a sa\u00fade e educa\u00e7\u00e3o bem como exigir que os trabalhadores n\u00e3o paguem a conta do ajuste fiscal.<\/p>\n<p>Fonte: Fasubra, com adapta\u00e7\u00f5es.<\/p>\n","protected":false},"excerpt":{"rendered":"<p>A FASUBRA, como tamb\u00e9m o F\u00f3rum das Entidades do Servi\u00e7o Publico Federal est\u00e3o convocando um ato nacional na cidade do Rio de Janeiro contra a EBSERH, em defesa dos hospitais universit\u00e1rios e do SUS. &nbsp; V\u00e1rios sindicatos, movimentos populares e entidades estudantis ir\u00e3o participar dessa manifesta\u00e7\u00e3o que vai come\u00e7ar \u00e0s 15 horas com concentra\u00e7\u00e3o na [&hellip;]<\/p>\n","protected":false},"author":2,"featured_media":0,"comment_status":"open","ping_status":"open","sticky":false,"template":"","format":"standard","meta":[],"categories":[5,18],"tags":[],"_links":{"self":[{"href":"http:\/\/sintema.org.br\/sintema\/wp-json\/wp\/v2\/posts\/5715"}],"collection":[{"href":"http:\/\/sintema.org.br\/sintema\/wp-json\/wp\/v2\/posts"}],"about":[{"href":"http:\/\/sintema.org.br\/sintema\/wp-json\/wp\/v2\/types\/post"}],"author":[{"embeddable":true,"href":"http:\/\/sintema.org.br\/sintema\/wp-json\/wp\/v2\/users\/2"}],"replies":[{"embeddable":true,"href":"http:\/\/sintema.org.br\/sintema\/wp-json\/wp\/v2\/comments?post=5715"}],"version-history":[{"count":1,"href":"http:\/\/sintema.org.br\/sintema\/wp-json\/wp\/v2\/posts\/5715\/revisions"}],"predecessor-version":[{"id":5717,"href":"http:\/\/sintema.org.br\/sintema\/wp-json\/wp\/v2\/posts\/5715\/revisions\/5717"}],"wp:attachment":[{"href":"http:\/\/sintema.org.br\/sintema\/wp-json\/wp\/v2\/media?parent=5715"}],"wp:term":[{"taxonomy":"category","embeddable":true,"href":"http:\/\/sintema.org.br\/sintema\/wp-json\/wp\/v2\/categories?post=5715"},{"taxonomy":"post_tag","embeddable":true,"href":"http:\/\/sintema.org.br\/sintema\/wp-json\/wp\/v2\/tags?post=5715"}],"curies":[{"name":"wp","href":"https:\/\/api.w.org\/{rel}","templated":true}]}}