{"id":5733,"date":"2015-03-12T16:34:58","date_gmt":"2015-03-12T16:34:58","guid":{"rendered":"http:\/\/sintema.org.br\/sintema\/?p=5733"},"modified":"2015-03-12T16:34:58","modified_gmt":"2015-03-12T16:34:58","slug":"trabalhadores-em-defesa-da-educacao-democracia-petrobras-e-pela-reforma-politica","status":"publish","type":"post","link":"http:\/\/sintema.org.br\/sintema\/trabalhadores-em-defesa-da-educacao-democracia-petrobras-e-pela-reforma-politica\/","title":{"rendered":"TRABALHADORES EM DEFESA DA EDUCA\u00c7\u00c3O,  DEMOCRACIA, PETROBR\u00c1S  E PELA REFORMA POL\u00cdTICA"},"content":{"rendered":"<p><a href=\"http:\/\/sintema.org.br\/sintema\/wp-content\/uploads\/2015\/03\/dia13_1.jpg\"><img loading=\"lazy\" class=\"alignnone size-full wp-image-5734\" alt=\"dia13_1\" src=\"http:\/\/sintema.org.br\/sintema\/wp-content\/uploads\/2015\/03\/dia13_1.jpg\" width=\"238\" height=\"300\" \/><\/a><\/p>\n<p>A Dire\u00e7\u00e3o do Sintema, gest\u00e3o Unidade &amp; Trabalho, conclama a comunidade universit\u00e1ria da UFMA para o ato nacional que acontece neste dia 13 de mar\u00e7o, contra o corte de verbas das universidades federais, a retirada de direitos, em defesa da classe trabalhadora, da Petrobr\u00e1s e da Reforma Pol\u00edtica.<br \/>\nO ato faz parte de uma s\u00e9rie de medidas aprovadas pelas Centrais Sindicais e movimentos sociais com o intuito de evitar que os trabalhadores sofram o \u00f4nus de medidas fiscais pensadas para a economia. \u201cN\u00e3o aceitaremos que a Petrobr\u00e1s, orgulho e patrim\u00f4nio do povo brasileiro, seja desmantelada pela cobi\u00e7a de especuladores internacionais\u201d, disse Mariano Azevedo, presidente do SINTEMA.<br \/>\nEntre as pautas do movimento est\u00e3o a luta pelo fim das Medidas Provis\u00f3rias (MP\u00b4s) 664 e 665, que alteram direitos da classe trabalhadora. H\u00e1 um alerta na sociedade desde que estas foram editadas pelo governo federal, em 30 de dezembro de 2014.<br \/>\nA defesa da Petrobr\u00e1s, empresa que corresponde a 13% do Produto Interno Bruto (PIB) nacional \u00e9 pauta central de defesa dos movimentos sociais. Para o coordenador da Federa\u00e7\u00e3o \u00danica dos Petroleiros (FUP), Jos\u00e9 Maria Rangel, a defesa da soberania nacional e do emprego dos petroleiros \u00e9 urgente. Da mesma forma, o controle das reservas. Da\u00ed a import\u00e2ncia da mobiliza\u00e7\u00e3o de toda a sociedade.<br \/>\nSegundo ele, a empresa re\u00fane mais de 86 mil trabalhadores diretos e milhares de indiretos que fazem a estatal ser reconhecida mundialmente por sua excel\u00eancia. \u201cA Petrobr\u00e1s investe, por dia, R$ 300 milh\u00f5es na economia brasileira e sabemos que o Petr\u00f3leo por muitos anos ainda ser\u00e1 a matriz energ\u00e9tica do mundo. Nesse contexto, quem tem petr\u00f3leo tem poder\u201d.<br \/>\nOutra bandeira, n\u00e3o menos importante, \u00e9 pelo Plebiscito sobre a Constituinte Exclusiva e Soberana para reforma do sistema pol\u00edtico. Os movimentos sociais est\u00e3o atentos a uma manobra no Congresso para que se aprove a reforma pol\u00edtica pela Proposta de Emenda \u00e0 Constitui\u00e7\u00e3o (PEC) 352\/2013, considerada por n\u00f3s como a \u201cPEC da Corrup\u00e7\u00e3o\u201d porque defende temas pol\u00eamicos, como o financiamento privado de campanha eleitoral.<br \/>\nSetores conservadores e parlamentares, como Eduardo Cunha, querem constitucionalizar a corrup\u00e7\u00e3o, com a l\u00f3gica de que pessoas jur\u00eddicas [empresas] votam neste pa\u00eds e tomam decis\u00f5es acima dos eleitores. Ou seja, querem constitucionalizar o poder econ\u00f4mico nas elei\u00e7\u00f5es brasileiras.<br \/>\nA proposta que dialoga com a classe trabalhadora \u00e9 a da Constituinte pela Reforma do Sistema Pol\u00edtico. A consulta popular est\u00e1 prevista no Projeto de Decreto Legislativo (PDC) 1508\/14, da deputada Luiza Erundina (PSB-SP). Al\u00e9m disso, a PEC 193\/07 proposta pelo ent\u00e3o deputado federal Fl\u00e1vio Dino (PCdoB), prev\u00ea o plebiscito e consulta popular para autorizar a revis\u00e3o constitucional em \u00e2mbitos da reforma pol\u00edtica e tribut\u00e1ria, al\u00e9m da redu\u00e7\u00e3o no sistema de doa\u00e7\u00f5es a candidatos e partidos, limitando pessoas f\u00edsicas e proibindo por completo a doa\u00e7\u00e3o por pessoas jur\u00eddicas.<br \/>\nO corte de 30% das verbas das Universidades Federais \u00e9 um ataque direto \u00e0 Educa\u00e7\u00e3o. Este fato vem ocasionando uma s\u00e9rie de dificuldades ao pleno funcionamento das institui\u00e7\u00f5es em todo o pa\u00eds. Os trabalhadores exigem a devolu\u00e7\u00e3o das verbas!<\/p>\n<p>#JUNTE-SE \u00c0 N\u00d3S!<\/p>\n<p><a href=\"http:\/\/sintema.org.br\/sintema\/wp-content\/uploads\/2015\/03\/ATO.jpg\"><img loading=\"lazy\" class=\"alignnone  wp-image-5737\" alt=\"ATO\" src=\"http:\/\/sintema.org.br\/sintema\/wp-content\/uploads\/2015\/03\/ATO-749x1024.jpg\" width=\"384\" height=\"524\" srcset=\"http:\/\/sintema.org.br\/sintema\/wp-content\/uploads\/2015\/03\/ATO-749x1024.jpg 749w, http:\/\/sintema.org.br\/sintema\/wp-content\/uploads\/2015\/03\/ATO-219x300.jpg 219w, http:\/\/sintema.org.br\/sintema\/wp-content\/uploads\/2015\/03\/ATO.jpg 771w\" sizes=\"(max-width: 384px) 100vw, 384px\" \/><\/a><\/p>\n","protected":false},"excerpt":{"rendered":"<p>A Dire\u00e7\u00e3o do Sintema, gest\u00e3o Unidade &amp; Trabalho, conclama a comunidade universit\u00e1ria da UFMA para o ato nacional que acontece neste dia 13 de mar\u00e7o, contra o corte de verbas das universidades federais, a retirada de direitos, em defesa da classe trabalhadora, da Petrobr\u00e1s e da Reforma Pol\u00edtica. O ato faz parte de uma s\u00e9rie [&hellip;]<\/p>\n","protected":false},"author":2,"featured_media":0,"comment_status":"open","ping_status":"open","sticky":false,"template":"","format":"standard","meta":[],"categories":[12,5],"tags":[],"_links":{"self":[{"href":"http:\/\/sintema.org.br\/sintema\/wp-json\/wp\/v2\/posts\/5733"}],"collection":[{"href":"http:\/\/sintema.org.br\/sintema\/wp-json\/wp\/v2\/posts"}],"about":[{"href":"http:\/\/sintema.org.br\/sintema\/wp-json\/wp\/v2\/types\/post"}],"author":[{"embeddable":true,"href":"http:\/\/sintema.org.br\/sintema\/wp-json\/wp\/v2\/users\/2"}],"replies":[{"embeddable":true,"href":"http:\/\/sintema.org.br\/sintema\/wp-json\/wp\/v2\/comments?post=5733"}],"version-history":[{"count":2,"href":"http:\/\/sintema.org.br\/sintema\/wp-json\/wp\/v2\/posts\/5733\/revisions"}],"predecessor-version":[{"id":5738,"href":"http:\/\/sintema.org.br\/sintema\/wp-json\/wp\/v2\/posts\/5733\/revisions\/5738"}],"wp:attachment":[{"href":"http:\/\/sintema.org.br\/sintema\/wp-json\/wp\/v2\/media?parent=5733"}],"wp:term":[{"taxonomy":"category","embeddable":true,"href":"http:\/\/sintema.org.br\/sintema\/wp-json\/wp\/v2\/categories?post=5733"},{"taxonomy":"post_tag","embeddable":true,"href":"http:\/\/sintema.org.br\/sintema\/wp-json\/wp\/v2\/tags?post=5733"}],"curies":[{"name":"wp","href":"https:\/\/api.w.org\/{rel}","templated":true}]}}