{"id":5743,"date":"2015-03-17T02:27:15","date_gmt":"2015-03-17T02:27:15","guid":{"rendered":"http:\/\/sintema.org.br\/sintema\/?p=5743"},"modified":"2015-03-17T02:32:07","modified_gmt":"2015-03-17T02:32:07","slug":"ufma-realizara-seminario-sobre-a-importancia-da-avaliacao-institucional-participe","status":"publish","type":"post","link":"http:\/\/sintema.org.br\/sintema\/ufma-realizara-seminario-sobre-a-importancia-da-avaliacao-institucional-participe\/","title":{"rendered":"UFMA realizar\u00e1 Semin\u00e1rio sobre a import\u00e2ncia da avalia\u00e7\u00e3o de desempenho. Participe!"},"content":{"rendered":"<p><a href=\"http:\/\/sintema.org.br\/sintema\/wp-content\/uploads\/2015\/03\/seminario-1-1-300x250e.jpg\"><img loading=\"lazy\" class=\"alignnone size-full wp-image-5744\" alt=\"seminario-1-1-300x250e\" src=\"http:\/\/sintema.org.br\/sintema\/wp-content\/uploads\/2015\/03\/seminario-1-1-300x250e.jpg\" width=\"300\" height=\"250\" \/><\/a><\/p>\n<p>A Universidade Federal do Maranh\u00e3o &#8211; UFMA, atrav\u00e9s da Divis\u00e3o de Avalia\u00e7\u00e3o de Desempenho, realizar\u00e1 no dia 24 de mar\u00e7o, a partir das 8h, no audit\u00f3rio setorial do CCSO, o Semin\u00e1rio \u201cA import\u00e2ncia da Avalia\u00e7\u00e3o de Desempenho Profissional na carreira do servidor t\u00e9cnico-administrativo da UFMA\u201d.<\/p>\n<p id=\"yui_3_16_0_1_1426557689316_7996\">O evento \u00e9 direcionado aos trabalhadores T\u00e9cnico-administrativos em educa\u00e7\u00e3o da universidade. O evento integra o Programa de Avalia\u00e7\u00e3o de Desempenho dos TAES para o ano de 2015. N\u00e3o deixe de participar!<\/p>\n<p id=\"yui_3_16_0_1_1426557689316_7994\">Confira a programa\u00e7\u00e3o e anote na sua agenda:<\/p>\n<table id=\"yui_3_16_0_1_1426557689316_8028\" border=\"1\" cellspacing=\"0\" cellpadding=\"0\">\n<tbody id=\"yui_3_16_0_1_1426557689316_8027\">\n<tr id=\"yui_3_16_0_1_1426557689316_8035\">\n<td id=\"yui_3_16_0_1_1426557689316_8066\" rowspan=\"1\" colspan=\"1\" width=\"83\">\n<p id=\"yui_3_16_0_1_1426557689316_8065\" align=\"center\">8h<\/p>\n<\/td>\n<td id=\"yui_3_16_0_1_1426557689316_8034\" rowspan=\"1\" colspan=\"1\" width=\"386\">\n<p id=\"yui_3_16_0_1_1426557689316_8173\">Credenciamento.<\/p>\n<\/td>\n<\/tr>\n<tr id=\"yui_3_16_0_1_1426557689316_8070\">\n<td id=\"yui_3_16_0_1_1426557689316_8069\" rowspan=\"1\" colspan=\"1\" width=\"83\">\n<p id=\"yui_3_16_0_1_1426557689316_8068\" align=\"center\">9h<\/p>\n<\/td>\n<td id=\"yui_3_16_0_1_1426557689316_8176\" rowspan=\"1\" colspan=\"1\" width=\"386\">\n<p id=\"yui_3_16_0_1_1426557689316_8175\">Abertura oficial da avalia\u00e7\u00e3o de desempenho 2015<\/p>\n<\/td>\n<\/tr>\n<tr id=\"yui_3_16_0_1_1426557689316_8180\">\n<td id=\"yui_3_16_0_1_1426557689316_8194\" rowspan=\"1\" colspan=\"1\" width=\"83\">\n<p id=\"yui_3_16_0_1_1426557689316_8193\" align=\"center\">9h:30min.<\/p>\n<\/td>\n<td id=\"yui_3_16_0_1_1426557689316_8179\" rowspan=\"1\" colspan=\"1\" width=\"386\">\n<p id=\"yui_3_16_0_1_1426557689316_8178\">Palestra.<\/p>\n<\/td>\n<\/tr>\n<tr id=\"yui_3_16_0_1_1426557689316_8026\">\n<td id=\"yui_3_16_0_1_1426557689316_8025\" rowspan=\"1\" colspan=\"1\" width=\"83\">\n<p id=\"yui_3_16_0_1_1426557689316_8024\" align=\"center\">10h:30min.<\/p>\n<\/td>\n<td id=\"yui_3_16_0_1_1426557689316_8033\" rowspan=\"1\" colspan=\"1\" width=\"386\">\n<p id=\"yui_3_16_0_1_1426557689316_8190\">Coffee break.<\/p>\n<\/td>\n<\/tr>\n<tr id=\"yui_3_16_0_1_1426557689316_8030\">\n<td id=\"yui_3_16_0_1_1426557689316_8029\" rowspan=\"1\" colspan=\"1\" width=\"83\">\n<p id=\"yui_3_16_0_1_1426557689316_8031\" align=\"center\">11h<\/p>\n<\/td>\n<td id=\"yui_3_16_0_1_1426557689316_8032\" rowspan=\"1\" colspan=\"1\" width=\"386\">\n<p id=\"yui_3_16_0_1_1426557689316_8188\">Apresenta\u00e7\u00e3o dos resultados da avalia\u00e7\u00e3o de desempenho 2014.<\/p>\n<\/td>\n<\/tr>\n<\/tbody>\n<\/table>\n<p><em>Imprensa Sintema com informa\u00e7\u00f5es da UFMA.<\/em><\/p>\n","protected":false},"excerpt":{"rendered":"<p>A Universidade Federal do Maranh\u00e3o &#8211; UFMA, atrav\u00e9s da Divis\u00e3o de Avalia\u00e7\u00e3o de Desempenho, realizar\u00e1 no dia 24 de mar\u00e7o, a partir das 8h, no audit\u00f3rio setorial do CCSO, o Semin\u00e1rio \u201cA import\u00e2ncia da Avalia\u00e7\u00e3o de Desempenho Profissional na carreira do servidor t\u00e9cnico-administrativo da UFMA\u201d. O evento \u00e9 direcionado aos trabalhadores T\u00e9cnico-administrativos em educa\u00e7\u00e3o da [&hellip;]<\/p>\n","protected":false},"author":2,"featured_media":0,"comment_status":"open","ping_status":"open","sticky":false,"template":"","format":"standard","meta":[],"categories":[12,5],"tags":[],"_links":{"self":[{"href":"http:\/\/sintema.org.br\/sintema\/wp-json\/wp\/v2\/posts\/5743"}],"collection":[{"href":"http:\/\/sintema.org.br\/sintema\/wp-json\/wp\/v2\/posts"}],"about":[{"href":"http:\/\/sintema.org.br\/sintema\/wp-json\/wp\/v2\/types\/post"}],"author":[{"embeddable":true,"href":"http:\/\/sintema.org.br\/sintema\/wp-json\/wp\/v2\/users\/2"}],"replies":[{"embeddable":true,"href":"http:\/\/sintema.org.br\/sintema\/wp-json\/wp\/v2\/comments?post=5743"}],"version-history":[{"count":4,"href":"http:\/\/sintema.org.br\/sintema\/wp-json\/wp\/v2\/posts\/5743\/revisions"}],"predecessor-version":[{"id":5748,"href":"http:\/\/sintema.org.br\/sintema\/wp-json\/wp\/v2\/posts\/5743\/revisions\/5748"}],"wp:attachment":[{"href":"http:\/\/sintema.org.br\/sintema\/wp-json\/wp\/v2\/media?parent=5743"}],"wp:term":[{"taxonomy":"category","embeddable":true,"href":"http:\/\/sintema.org.br\/sintema\/wp-json\/wp\/v2\/categories?post=5743"},{"taxonomy":"post_tag","embeddable":true,"href":"http:\/\/sintema.org.br\/sintema\/wp-json\/wp\/v2\/tags?post=5743"}],"curies":[{"name":"wp","href":"https:\/\/api.w.org\/{rel}","templated":true}]}}