{"id":5750,"date":"2015-03-24T00:32:49","date_gmt":"2015-03-24T00:32:49","guid":{"rendered":"http:\/\/sintema.org.br\/sintema\/?p=5750"},"modified":"2015-03-24T00:32:49","modified_gmt":"2015-03-24T00:32:49","slug":"ctb-participa-do-forum-social-mundial-que-comeca-amanha-24","status":"publish","type":"post","link":"http:\/\/sintema.org.br\/sintema\/ctb-participa-do-forum-social-mundial-que-comeca-amanha-24\/","title":{"rendered":"CTB participa do F\u00f3rum Social Mundial que come\u00e7a amanh\u00e3 (24)"},"content":{"rendered":"<p><a href=\"http:\/\/sintema.org.br\/sintema\/wp-content\/uploads\/2015\/03\/forum-social-mundial-tunis-2015.jpg\"><img loading=\"lazy\" class=\"alignnone  wp-image-5751\" alt=\"forum-social-mundial-tunis-2015\" src=\"http:\/\/sintema.org.br\/sintema\/wp-content\/uploads\/2015\/03\/forum-social-mundial-tunis-2015-1024x614.jpg\" width=\"384\" height=\"230\" srcset=\"http:\/\/sintema.org.br\/sintema\/wp-content\/uploads\/2015\/03\/forum-social-mundial-tunis-2015-1024x614.jpg 1024w, http:\/\/sintema.org.br\/sintema\/wp-content\/uploads\/2015\/03\/forum-social-mundial-tunis-2015-300x179.jpg 300w, http:\/\/sintema.org.br\/sintema\/wp-content\/uploads\/2015\/03\/forum-social-mundial-tunis-2015.jpg 1134w\" sizes=\"(max-width: 384px) 100vw, 384px\" \/><\/a><\/p>\n<p>Come\u00e7a nesta ter\u00e7a-feira (24) o F\u00f3rum Social Mundial que este ano se realizar\u00e1 em T\u00fanis, capital da Tun\u00edsia.\u00a0A CTB integra a delega\u00e7\u00e3o brasileira no FSM representada pelos dirigentes Rog\u00e9rio Nunes, secret\u00e1rio de pol\u00edticas sociais, e Raimunda Gomes, secret\u00e1ria de comunica\u00e7\u00e3o.<\/p>\n<p>Al\u00e9m de participarem das atividade programadas pela delega\u00e7\u00e3o, eles tamb\u00e9m apresentar\u00e3o uma mesa de debates na quinta-feira (26) com o tema &#8220;Emprego, sal\u00e1rio e direitos sociais para a austeridade neoliberal&#8221;.<\/p>\n<p>Antecede o FSM, a\u00a04\u00aa Edi\u00e7\u00e3o do\u00a0F\u00f3rum Mundial de M\u00eddia Livre (FMML), que come\u00e7ou no domingo (23) na Universidade El Manar, e\u00a0discute o direito \u00e0 comunica\u00e7\u00e3o e \u00e0 liberdade de express\u00e3o. Cerca de 300 comunicadores, blogueiros e representantes de movimentos sociais de diversos pa\u00edses participam do encontro, cujo\u00a0principal objetivo \u00e9 aprovar a Carta Mundial da M\u00eddia Livre, com princ\u00edpios e a\u00e7\u00f5es estrat\u00e9gicas para promover uma comunica\u00e7\u00e3o democr\u00e1tica e as m\u00eddias livres em todo mundo.<\/p>\n<p>O documento ser\u00e1 lan\u00e7ado na Assembleia de Converg\u00eancia pelo Direito \u00e0 Comunica\u00e7\u00e3o, no s\u00e1bado (28), quando todos os segmentos que debatem o tema se re\u00fanem para definir compromissos.<\/p>\n<p><strong>Portal CTB com ag\u00eancias<\/strong><\/p>\n","protected":false},"excerpt":{"rendered":"<p>Come\u00e7a nesta ter\u00e7a-feira (24) o F\u00f3rum Social Mundial que este ano se realizar\u00e1 em T\u00fanis, capital da Tun\u00edsia.\u00a0A CTB integra a delega\u00e7\u00e3o brasileira no FSM representada pelos dirigentes Rog\u00e9rio Nunes, secret\u00e1rio de pol\u00edticas sociais, e Raimunda Gomes, secret\u00e1ria de comunica\u00e7\u00e3o. Al\u00e9m de participarem das atividade programadas pela delega\u00e7\u00e3o, eles tamb\u00e9m apresentar\u00e3o uma mesa de debates [&hellip;]<\/p>\n","protected":false},"author":2,"featured_media":0,"comment_status":"open","ping_status":"open","sticky":false,"template":"","format":"standard","meta":[],"categories":[5,18],"tags":[],"_links":{"self":[{"href":"http:\/\/sintema.org.br\/sintema\/wp-json\/wp\/v2\/posts\/5750"}],"collection":[{"href":"http:\/\/sintema.org.br\/sintema\/wp-json\/wp\/v2\/posts"}],"about":[{"href":"http:\/\/sintema.org.br\/sintema\/wp-json\/wp\/v2\/types\/post"}],"author":[{"embeddable":true,"href":"http:\/\/sintema.org.br\/sintema\/wp-json\/wp\/v2\/users\/2"}],"replies":[{"embeddable":true,"href":"http:\/\/sintema.org.br\/sintema\/wp-json\/wp\/v2\/comments?post=5750"}],"version-history":[{"count":1,"href":"http:\/\/sintema.org.br\/sintema\/wp-json\/wp\/v2\/posts\/5750\/revisions"}],"predecessor-version":[{"id":5752,"href":"http:\/\/sintema.org.br\/sintema\/wp-json\/wp\/v2\/posts\/5750\/revisions\/5752"}],"wp:attachment":[{"href":"http:\/\/sintema.org.br\/sintema\/wp-json\/wp\/v2\/media?parent=5750"}],"wp:term":[{"taxonomy":"category","embeddable":true,"href":"http:\/\/sintema.org.br\/sintema\/wp-json\/wp\/v2\/categories?post=5750"},{"taxonomy":"post_tag","embeddable":true,"href":"http:\/\/sintema.org.br\/sintema\/wp-json\/wp\/v2\/tags?post=5750"}],"curies":[{"name":"wp","href":"https:\/\/api.w.org\/{rel}","templated":true}]}}