{"id":5753,"date":"2015-03-24T19:04:50","date_gmt":"2015-03-24T19:04:50","guid":{"rendered":"http:\/\/sintema.org.br\/sintema\/?p=5753"},"modified":"2015-03-24T19:04:50","modified_gmt":"2015-03-24T19:04:50","slug":"ufma-realiza-o-seminario-de-avaliacao-de-desempenho","status":"publish","type":"post","link":"http:\/\/sintema.org.br\/sintema\/ufma-realiza-o-seminario-de-avaliacao-de-desempenho\/","title":{"rendered":"UFMA realiza o Semin\u00e1rio de Avalia\u00e7\u00e3o de Desempenho"},"content":{"rendered":"<p><a href=\"http:\/\/sintema.org.br\/sintema\/wp-content\/uploads\/2015\/03\/destaque_UYYbJr1qQnKGvqr.JPG.png\"><img loading=\"lazy\" class=\"alignnone size-full wp-image-5754\" alt=\"destaque_UYYbJr1qQnKGvqr.JPG\" src=\"http:\/\/sintema.org.br\/sintema\/wp-content\/uploads\/2015\/03\/destaque_UYYbJr1qQnKGvqr.JPG.png\" width=\"230\" height=\"154\" \/><\/a><\/p>\n<p>S\u00c3O LUIS &#8211; Aconteceu, na manh\u00e3 desta ter\u00e7a-feira (24), no Centro de Ci\u00eancias Sociais, na Cidade Universit\u00e1ria do Bacanga, o Semin\u00e1rio de Avalia\u00e7\u00e3o de Desempenho da Universidade Federal do Maranh\u00e3o. Estiveram presente na solenidade de abertura, a Pr\u00f3-Reitora de Recursos Humanos, Maria Elisa Cantanhede Lago Braga; a Diretora do Departamento de Gest\u00e3o de Pessoas, Carla Magalh\u00e3es de Souza Gaspar; a Diretora da Divis\u00e3o de Avalia\u00e7\u00e3o de Desempenho, Francisca Maria Lopes Meneses; e a professora da Unidade de Ensino Superior Dom Bosco \u2013 UNDB, Adriana de Lima Reis Ara\u00fajo Gomes.<\/p>\n<p>O evento tem por objetivo conscientizar os servidores t\u00e9cnico-administrativos e gestores institucionais da import\u00e2ncia da avalia\u00e7\u00e3o de desempenho profissional. Al\u00e9m de promover a abertura da avalia\u00e7\u00e3o de desempenho profissional do ano de 2015. Outro objetivo \u00e9 apresentar os resultados da avalia\u00e7\u00e3o de desempenho de 2014, esclarecendo aos presentes d\u00favidas sobre a avalia\u00e7\u00e3o de desempenho profissional da UFMA.<\/p>\n<p>O semin\u00e1rio contou com a palestra da Professora da UNDB, Adriana de Lima Reis Ara\u00fajo Gomes, que ministrou a palestra intitulada: A import\u00e2ncia da Avalia\u00e7\u00e3o na carreira. A professora afirmou que o evento \u00e9 de suma import\u00e2ncia, pois a avalia\u00e7\u00e3o tem o princ\u00edpio de oferecer oportunidade de desenvolvimento, codificar metas, resultados, e possibilitar avan\u00e7os. \u201cA avalia\u00e7\u00e3o \u00e9 como um espelho retrovisor daquilo que voc\u00ea fez, e \u00e9 tamb\u00e9m uma b\u00fassola orientadora para o futuro\u201d, destacou.<\/p>\n<p>A Pr\u00f3-Reitora de Recursos Humanos, Maria Elisa Cantanhede Lago Braga, destacou que o semin\u00e1rio tem como finalidade sensibilizar e conscientizar\u00a0os t\u00e9cnico-administrativos, gestores em participar efetivamente da avalia\u00e7\u00e3o e desempenho profissional. \u201cParticipando dessa avalia\u00e7\u00e3o, seremos capazes de identificar as demandas necess\u00e1rias dos ambientes laborais\u201d, concluiu.<\/p>\n<p>J\u00e1 a Diretora da Divis\u00e3o de Avalia\u00e7\u00e3o de Desempenho, Francisca Maria Lopes Meneses, salientou que o evento \u00e9 muito v\u00e1lido para a UFMA. \u201cO semin\u00e1rio tem como objetivo sensibilizar os servidores, t\u00e9cnico-administrativos e gestores a participarem do programa de desempenho\u201d, afirmou. Segundo ela, o programa de avalia\u00e7\u00e3o e desempenho \u00e9 anual e sempre acontece com uma palestra de conscientiza\u00e7\u00e3o, com o intuito de sensibilizar os servidores, t\u00e9cnicos e gestores a fazer a avalia\u00e7\u00e3o e desempenho. A T\u00e9cnica-administrativa lotada no Departamento de Protocolo e Arquivo &#8211; DEPA, Simone Alves Miranda de S\u00e1, afirmou que essa avalia\u00e7\u00e3o de desempenho rege os princ\u00edpios da administra\u00e7\u00e3o, que \u00e9 o princ\u00edpio da efici\u00eancia. \u201cA UFMA est\u00e1 de parab\u00e9ns em organizar um semin\u00e1rio t\u00e3o importante para n\u00f3s, t\u00e9cnico-administrativos e gestores\u201d, finalizou.<\/p>\n[caption id=\"attachment_5662\" align=\"alignnone\" width=\"406\"]<a href=\"http:\/\/sintema.org.br\/sintema\/wp-content\/uploads\/2015\/02\/jansen.jpg\"><img loading=\"lazy\" class=\" wp-image-5662 \" alt=\"Secret\u00e1rio Geral do Sintema, Jo\u00e3o Batista Jansen, repassa informes.\" src=\"http:\/\/sintema.org.br\/sintema\/wp-content\/uploads\/2015\/02\/jansen.jpg\" width=\"406\" height=\"271\" srcset=\"http:\/\/sintema.org.br\/sintema\/wp-content\/uploads\/2015\/02\/jansen.jpg 677w, http:\/\/sintema.org.br\/sintema\/wp-content\/uploads\/2015\/02\/jansen-300x199.jpg 300w\" sizes=\"(max-width: 406px) 100vw, 406px\" \/><\/a> Secret\u00e1rio Geral do Sintema, Jo\u00e3o Batista Jansen, participou do evento representando o sindicato.[\/caption]\n<p><em>Texto e imagem do evento: Portal UFMA (www.ufma.br).<\/em><\/p>\n","protected":false},"excerpt":{"rendered":"<p>S\u00c3O LUIS &#8211; Aconteceu, na manh\u00e3 desta ter\u00e7a-feira (24), no Centro de Ci\u00eancias Sociais, na Cidade Universit\u00e1ria do Bacanga, o Semin\u00e1rio de Avalia\u00e7\u00e3o de Desempenho da Universidade Federal do Maranh\u00e3o. Estiveram presente na solenidade de abertura, a Pr\u00f3-Reitora de Recursos Humanos, Maria Elisa Cantanhede Lago Braga; a Diretora do Departamento de Gest\u00e3o de Pessoas, Carla [&hellip;]<\/p>\n","protected":false},"author":2,"featured_media":0,"comment_status":"open","ping_status":"open","sticky":false,"template":"","format":"standard","meta":[],"categories":[12,5],"tags":[],"_links":{"self":[{"href":"http:\/\/sintema.org.br\/sintema\/wp-json\/wp\/v2\/posts\/5753"}],"collection":[{"href":"http:\/\/sintema.org.br\/sintema\/wp-json\/wp\/v2\/posts"}],"about":[{"href":"http:\/\/sintema.org.br\/sintema\/wp-json\/wp\/v2\/types\/post"}],"author":[{"embeddable":true,"href":"http:\/\/sintema.org.br\/sintema\/wp-json\/wp\/v2\/users\/2"}],"replies":[{"embeddable":true,"href":"http:\/\/sintema.org.br\/sintema\/wp-json\/wp\/v2\/comments?post=5753"}],"version-history":[{"count":1,"href":"http:\/\/sintema.org.br\/sintema\/wp-json\/wp\/v2\/posts\/5753\/revisions"}],"predecessor-version":[{"id":5755,"href":"http:\/\/sintema.org.br\/sintema\/wp-json\/wp\/v2\/posts\/5753\/revisions\/5755"}],"wp:attachment":[{"href":"http:\/\/sintema.org.br\/sintema\/wp-json\/wp\/v2\/media?parent=5753"}],"wp:term":[{"taxonomy":"category","embeddable":true,"href":"http:\/\/sintema.org.br\/sintema\/wp-json\/wp\/v2\/categories?post=5753"},{"taxonomy":"post_tag","embeddable":true,"href":"http:\/\/sintema.org.br\/sintema\/wp-json\/wp\/v2\/tags?post=5753"}],"curies":[{"name":"wp","href":"https:\/\/api.w.org\/{rel}","templated":true}]}}