{"id":5756,"date":"2015-03-25T14:48:53","date_gmt":"2015-03-25T14:48:53","guid":{"rendered":"http:\/\/sintema.org.br\/sintema\/?p=5756"},"modified":"2015-03-25T18:00:17","modified_gmt":"2015-03-25T18:00:17","slug":"sintema-convoca-assembleias-gerais-para-escolha-de-delegados-ao-xxii-confasubra","status":"publish","type":"post","link":"http:\/\/sintema.org.br\/sintema\/sintema-convoca-assembleias-gerais-para-escolha-de-delegados-ao-xxii-confasubra\/","title":{"rendered":"SINTEMA convoca Assembleias Gerais para escolha de Delegados ao XXII CONFASUBRA"},"content":{"rendered":"<p><a href=\"http:\/\/sintema.org.br\/sintema\/wp-content\/uploads\/2015\/03\/Cartaz-XXII-CONFASUBRA-1.jpg\"><img loading=\"lazy\" class=\"alignnone  wp-image-5757\" alt=\"Cartaz - XXII CONFASUBRA (1)\" src=\"http:\/\/sintema.org.br\/sintema\/wp-content\/uploads\/2015\/03\/Cartaz-XXII-CONFASUBRA-1.jpg\" width=\"335\" height=\"444\" \/><\/a><\/p>\n<p>A Dire\u00e7\u00e3o do Sintema, gest\u00e3o Unidade &amp; Trabalho, conclama a categoria para as assembleias gerais de escolha dos Delegados ao XXII Confasubra, que ser\u00e1 realizado de 4 \u00e0 8 de maio de 2015, na cidade de Po\u00e7os de Caldas &#8211; MG.<\/p>\n<p>Confira as convocat\u00f3rias e participe!!!<\/p>\n<p><span style=\"text-decoration: underline;\">ASSEMBLEIA GERAL NO CAMPUS DO BACANGA &#8211; UFMA &#8211; S\u00c3O LUIS:<\/span><\/p>\n<p><a href=\"http:\/\/sintema.org.br\/sintema\/wp-content\/uploads\/2015\/03\/CONVOCATORIA-GRANDE.jpg\"><img loading=\"lazy\" class=\"alignnone  wp-image-5758\" alt=\"CONVOCATORIA GRANDE\" src=\"http:\/\/sintema.org.br\/sintema\/wp-content\/uploads\/2015\/03\/CONVOCATORIA-GRANDE.jpg\" width=\"503\" height=\"712\" srcset=\"http:\/\/sintema.org.br\/sintema\/wp-content\/uploads\/2015\/03\/CONVOCATORIA-GRANDE.jpg 719w, http:\/\/sintema.org.br\/sintema\/wp-content\/uploads\/2015\/03\/CONVOCATORIA-GRANDE-212x300.jpg 212w\" sizes=\"(max-width: 503px) 100vw, 503px\" \/><\/a><\/p>\n<p>&nbsp;<\/p>\n<p><span style=\"text-decoration: underline;\">ASSEMBLEIA GERAL NOS CAMPI DO INTERIOR DO ESTADO:<\/span><\/p>\n<p><a href=\"http:\/\/sintema.org.br\/sintema\/wp-content\/uploads\/2015\/03\/CONVOCACAO-CAMPIS1.jpg\"><img loading=\"lazy\" class=\"alignnone  wp-image-5761\" alt=\"CONVOCACAO CAMPIS\" src=\"http:\/\/sintema.org.br\/sintema\/wp-content\/uploads\/2015\/03\/CONVOCACAO-CAMPIS1.jpg\" width=\"503\" height=\"712\" srcset=\"http:\/\/sintema.org.br\/sintema\/wp-content\/uploads\/2015\/03\/CONVOCACAO-CAMPIS1.jpg 719w, http:\/\/sintema.org.br\/sintema\/wp-content\/uploads\/2015\/03\/CONVOCACAO-CAMPIS1-212x300.jpg 212w\" sizes=\"(max-width: 503px) 100vw, 503px\" \/><\/a><\/p>\n<p>&nbsp;<\/p>\n<p><a title=\"DOCUMENTOS AO CONFASUBRA\" href=\"http:\/\/fasubra.org.br\/index.php\/fasubra\/707-documentos-xxii-confasubra\" target=\"_blank\">Tenha acesso aos documentos do Confasubra clicando aqui!<\/a><\/p>\n<p><a title=\"TESES\" href=\"https:\/\/drive.google.com\/file\/d\/0B4MiLGYsIC5tbnFvMHZLNkNXZ0k\/view?pli=1\" target=\"_blank\">Tenha acesso \u00e0s Teses das correntes pol\u00edticas clicando aqui! <\/a><\/p>\n<p>&nbsp;<\/p>\n<p><em>Fonte: Imprensa Sintema (Retificado \u00e0s 14:48 do dia 25.03.2015).<\/em><\/p>\n<p>&nbsp;<\/p>\n<p>&nbsp;<\/p>\n<p>&nbsp;<\/p>\n","protected":false},"excerpt":{"rendered":"<p>A Dire\u00e7\u00e3o do Sintema, gest\u00e3o Unidade &amp; Trabalho, conclama a categoria para as assembleias gerais de escolha dos Delegados ao XXII Confasubra, que ser\u00e1 realizado de 4 \u00e0 8 de maio de 2015, na cidade de Po\u00e7os de Caldas &#8211; MG. Confira as convocat\u00f3rias e participe!!! ASSEMBLEIA GERAL NO CAMPUS DO BACANGA &#8211; UFMA &#8211; [&hellip;]<\/p>\n","protected":false},"author":2,"featured_media":0,"comment_status":"open","ping_status":"open","sticky":false,"template":"","format":"standard","meta":[],"categories":[12,5],"tags":[],"_links":{"self":[{"href":"http:\/\/sintema.org.br\/sintema\/wp-json\/wp\/v2\/posts\/5756"}],"collection":[{"href":"http:\/\/sintema.org.br\/sintema\/wp-json\/wp\/v2\/posts"}],"about":[{"href":"http:\/\/sintema.org.br\/sintema\/wp-json\/wp\/v2\/types\/post"}],"author":[{"embeddable":true,"href":"http:\/\/sintema.org.br\/sintema\/wp-json\/wp\/v2\/users\/2"}],"replies":[{"embeddable":true,"href":"http:\/\/sintema.org.br\/sintema\/wp-json\/wp\/v2\/comments?post=5756"}],"version-history":[{"count":3,"href":"http:\/\/sintema.org.br\/sintema\/wp-json\/wp\/v2\/posts\/5756\/revisions"}],"predecessor-version":[{"id":5763,"href":"http:\/\/sintema.org.br\/sintema\/wp-json\/wp\/v2\/posts\/5756\/revisions\/5763"}],"wp:attachment":[{"href":"http:\/\/sintema.org.br\/sintema\/wp-json\/wp\/v2\/media?parent=5756"}],"wp:term":[{"taxonomy":"category","embeddable":true,"href":"http:\/\/sintema.org.br\/sintema\/wp-json\/wp\/v2\/categories?post=5756"},{"taxonomy":"post_tag","embeddable":true,"href":"http:\/\/sintema.org.br\/sintema\/wp-json\/wp\/v2\/tags?post=5756"}],"curies":[{"name":"wp","href":"https:\/\/api.w.org\/{rel}","templated":true}]}}