{"id":5764,"date":"2015-03-27T14:06:00","date_gmt":"2015-03-27T14:06:00","guid":{"rendered":"http:\/\/sintema.org.br\/sintema\/?p=5764"},"modified":"2015-04-01T13:34:02","modified_gmt":"2015-04-01T13:34:02","slug":"atencao-direcao-do-sintema-retifica-convocatorias-de-assembleia-gerais-nos-campi-para-escolha-de-delegados-ao-xxii-confasubra","status":"publish","type":"post","link":"http:\/\/sintema.org.br\/sintema\/atencao-direcao-do-sintema-retifica-convocatorias-de-assembleia-gerais-nos-campi-para-escolha-de-delegados-ao-xxii-confasubra\/","title":{"rendered":"Aten\u00e7\u00e3o: Dire\u00e7\u00e3o do SINTEMA retifica convocat\u00f3rias de assembleia gerais nos Campi para escolha de Delegados ao XXII Confasubra"},"content":{"rendered":"<p>Aten\u00e7\u00e3o Categoria! A Dire\u00e7\u00e3o do Sintema, gest\u00e3o Unidade &amp; Trabalho, divulgou retifica\u00e7\u00e3o das assembleias gerais nos campi do interior do Estado.<\/p>\n<p>As assembleias de \u00e2mbito espec\u00edfico servir\u00e3o para a escolha de Delegados ao XXII Confasubra, que acontece de 4 \u00e0 8 de maio de 2015, na cidade de Po\u00e7os de Caldas, Minas Gerais.<\/p>\n<p><a href=\"http:\/\/sintema.org.br\/sintema\/wp-content\/uploads\/2015\/03\/CONVOCACAO-CAMPIS-locais-especificos.jpg\"><img loading=\"lazy\" class=\"alignnone  wp-image-5774\" alt=\"CONVOCACAO CAMPIS locais especificos\" src=\"http:\/\/sintema.org.br\/sintema\/wp-content\/uploads\/2015\/03\/CONVOCACAO-CAMPIS-locais-especificos-707x1024.jpg\" width=\"384\" height=\"556\" srcset=\"http:\/\/sintema.org.br\/sintema\/wp-content\/uploads\/2015\/03\/CONVOCACAO-CAMPIS-locais-especificos-707x1024.jpg 707w, http:\/\/sintema.org.br\/sintema\/wp-content\/uploads\/2015\/03\/CONVOCACAO-CAMPIS-locais-especificos-207x300.jpg 207w, http:\/\/sintema.org.br\/sintema\/wp-content\/uploads\/2015\/03\/CONVOCACAO-CAMPIS-locais-especificos.jpg 901w\" sizes=\"(max-width: 384px) 100vw, 384px\" \/><\/a><\/p>\n<p><em><strong>&#8211; ATEN\u00c7\u00c3O: A DIRETORIA DO SINTEMA SOLICITA QUE A CONVOCAT\u00d3RIA ANTERIOR SEJA DESCONSIDERADA.<\/strong><\/em><\/p>\n<p><strong><em>\u00a0Fonte: Sintema, alterada \u00e0s 10:30h de 01\/04\/2015.<\/em><\/strong><\/p>\n","protected":false},"excerpt":{"rendered":"<p>Aten\u00e7\u00e3o Categoria! A Dire\u00e7\u00e3o do Sintema, gest\u00e3o Unidade &amp; Trabalho, divulgou retifica\u00e7\u00e3o das assembleias gerais nos campi do interior do Estado. As assembleias de \u00e2mbito espec\u00edfico servir\u00e3o para a escolha de Delegados ao XXII Confasubra, que acontece de 4 \u00e0 8 de maio de 2015, na cidade de Po\u00e7os de Caldas, Minas Gerais. &#8211; ATEN\u00c7\u00c3O: [&hellip;]<\/p>\n","protected":false},"author":2,"featured_media":0,"comment_status":"open","ping_status":"open","sticky":false,"template":"","format":"standard","meta":[],"categories":[12,5],"tags":[],"_links":{"self":[{"href":"http:\/\/sintema.org.br\/sintema\/wp-json\/wp\/v2\/posts\/5764"}],"collection":[{"href":"http:\/\/sintema.org.br\/sintema\/wp-json\/wp\/v2\/posts"}],"about":[{"href":"http:\/\/sintema.org.br\/sintema\/wp-json\/wp\/v2\/types\/post"}],"author":[{"embeddable":true,"href":"http:\/\/sintema.org.br\/sintema\/wp-json\/wp\/v2\/users\/2"}],"replies":[{"embeddable":true,"href":"http:\/\/sintema.org.br\/sintema\/wp-json\/wp\/v2\/comments?post=5764"}],"version-history":[{"count":2,"href":"http:\/\/sintema.org.br\/sintema\/wp-json\/wp\/v2\/posts\/5764\/revisions"}],"predecessor-version":[{"id":5775,"href":"http:\/\/sintema.org.br\/sintema\/wp-json\/wp\/v2\/posts\/5764\/revisions\/5775"}],"wp:attachment":[{"href":"http:\/\/sintema.org.br\/sintema\/wp-json\/wp\/v2\/media?parent=5764"}],"wp:term":[{"taxonomy":"category","embeddable":true,"href":"http:\/\/sintema.org.br\/sintema\/wp-json\/wp\/v2\/categories?post=5764"},{"taxonomy":"post_tag","embeddable":true,"href":"http:\/\/sintema.org.br\/sintema\/wp-json\/wp\/v2\/tags?post=5764"}],"curies":[{"name":"wp","href":"https:\/\/api.w.org\/{rel}","templated":true}]}}