{"id":5767,"date":"2015-03-30T14:00:20","date_gmt":"2015-03-30T14:00:20","guid":{"rendered":"http:\/\/sintema.org.br\/sintema\/?p=5767"},"modified":"2015-03-30T14:00:20","modified_gmt":"2015-03-30T14:00:20","slug":"obituario-sued-teixeira-tavares","status":"publish","type":"post","link":"http:\/\/sintema.org.br\/sintema\/obituario-sued-teixeira-tavares\/","title":{"rendered":"Obitu\u00e1rio: Sued Teixeira Tavares"},"content":{"rendered":"<p><a href=\"http:\/\/sintema.org.br\/sintema\/wp-content\/uploads\/2014\/05\/falecimentoooo-300x186111.jpg\"><img loading=\"lazy\" class=\"alignnone size-full wp-image-4804\" alt=\"falecimentoooo-300x186111\" src=\"http:\/\/sintema.org.br\/sintema\/wp-content\/uploads\/2014\/05\/falecimentoooo-300x186111.jpg\" width=\"300\" height=\"186\" \/><\/a><\/p>\n<p>A diretoria do Sintema comunica a toda categoria o falecimento do associado \u2013 SUED TEIXEIRA TAVARES \u2013 ocorrido s\u00e1bado, dia 28 de mar\u00e7o de 2015.<\/p>\n<p>O professor Sued Tavares era esposo professora Therezinha Tavares, tamb\u00e9m aposentada pela UFMA. O corpo do associado foi sepultado ontem (29) no cemit\u00e9rio Parque da Saudade, vinhais, S\u00e3o Lu\u00eds.<\/p>\n<p>Toda a Dire\u00e7\u00e3o do Sindicato presta as homenagens a este, que em vida, muito contribuiu com a luta da categoria por dias melhores.<\/p>\n<p>&nbsp;<\/p>\n<p><em>Com informa\u00e7\u00f5es da UFMA.<\/em><\/p>\n","protected":false},"excerpt":{"rendered":"<p>A diretoria do Sintema comunica a toda categoria o falecimento do associado \u2013 SUED TEIXEIRA TAVARES \u2013 ocorrido s\u00e1bado, dia 28 de mar\u00e7o de 2015. O professor Sued Tavares era esposo professora Therezinha Tavares, tamb\u00e9m aposentada pela UFMA. O corpo do associado foi sepultado ontem (29) no cemit\u00e9rio Parque da Saudade, vinhais, S\u00e3o Lu\u00eds. Toda [&hellip;]<\/p>\n","protected":false},"author":2,"featured_media":0,"comment_status":"open","ping_status":"open","sticky":false,"template":"","format":"standard","meta":[],"categories":[5,8],"tags":[],"_links":{"self":[{"href":"http:\/\/sintema.org.br\/sintema\/wp-json\/wp\/v2\/posts\/5767"}],"collection":[{"href":"http:\/\/sintema.org.br\/sintema\/wp-json\/wp\/v2\/posts"}],"about":[{"href":"http:\/\/sintema.org.br\/sintema\/wp-json\/wp\/v2\/types\/post"}],"author":[{"embeddable":true,"href":"http:\/\/sintema.org.br\/sintema\/wp-json\/wp\/v2\/users\/2"}],"replies":[{"embeddable":true,"href":"http:\/\/sintema.org.br\/sintema\/wp-json\/wp\/v2\/comments?post=5767"}],"version-history":[{"count":1,"href":"http:\/\/sintema.org.br\/sintema\/wp-json\/wp\/v2\/posts\/5767\/revisions"}],"predecessor-version":[{"id":5768,"href":"http:\/\/sintema.org.br\/sintema\/wp-json\/wp\/v2\/posts\/5767\/revisions\/5768"}],"wp:attachment":[{"href":"http:\/\/sintema.org.br\/sintema\/wp-json\/wp\/v2\/media?parent=5767"}],"wp:term":[{"taxonomy":"category","embeddable":true,"href":"http:\/\/sintema.org.br\/sintema\/wp-json\/wp\/v2\/categories?post=5767"},{"taxonomy":"post_tag","embeddable":true,"href":"http:\/\/sintema.org.br\/sintema\/wp-json\/wp\/v2\/tags?post=5767"}],"curies":[{"name":"wp","href":"https:\/\/api.w.org\/{rel}","templated":true}]}}