{"id":5769,"date":"2015-03-30T14:50:51","date_gmt":"2015-03-30T14:50:51","guid":{"rendered":"http:\/\/sintema.org.br\/sintema\/?p=5769"},"modified":"2015-03-30T14:50:51","modified_gmt":"2015-03-30T14:50:51","slug":"expediente-no-sintema-sera-suspenso-dias-02-e-03-de-abril","status":"publish","type":"post","link":"http:\/\/sintema.org.br\/sintema\/expediente-no-sintema-sera-suspenso-dias-02-e-03-de-abril\/","title":{"rendered":"Expediente no Sintema ser\u00e1 suspenso dias 02 e 03 de abril"},"content":{"rendered":"<p><a href=\"http:\/\/sintema.org.br\/sintema\/wp-content\/uploads\/2015\/03\/comunicado.gif\"><img loading=\"lazy\" class=\"alignnone  wp-image-5770\" alt=\"comunicado\" src=\"http:\/\/sintema.org.br\/sintema\/wp-content\/uploads\/2015\/03\/comunicado.gif\" width=\"364\" height=\"94\" \/><\/a><\/p>\n<p>&nbsp;<\/p>\n<p>A Dire\u00e7\u00e3o do Sintema, gest\u00e3o Unidade &amp; Trabalho, comunica ao conjunto dos trabalhadores T\u00e9cnico-administrativos em Educa\u00e7\u00e3o da UFMA e sociedade em geral que, em virtude da Semana Santa, o expediente na Sede do Sindicato ser\u00e1 suspenso nos dias 02 e 03 de abril.<\/p>\n<p>O expediente normal ser\u00e1 retomado dia 06 de abril.<\/p>\n<p>Feliz P\u00e1scoa!<\/p>\n","protected":false},"excerpt":{"rendered":"<p>&nbsp; A Dire\u00e7\u00e3o do Sintema, gest\u00e3o Unidade &amp; Trabalho, comunica ao conjunto dos trabalhadores T\u00e9cnico-administrativos em Educa\u00e7\u00e3o da UFMA e sociedade em geral que, em virtude da Semana Santa, o expediente na Sede do Sindicato ser\u00e1 suspenso nos dias 02 e 03 de abril. O expediente normal ser\u00e1 retomado dia 06 de abril. Feliz P\u00e1scoa!<\/p>\n","protected":false},"author":2,"featured_media":0,"comment_status":"open","ping_status":"open","sticky":false,"template":"","format":"standard","meta":[],"categories":[12,5],"tags":[],"_links":{"self":[{"href":"http:\/\/sintema.org.br\/sintema\/wp-json\/wp\/v2\/posts\/5769"}],"collection":[{"href":"http:\/\/sintema.org.br\/sintema\/wp-json\/wp\/v2\/posts"}],"about":[{"href":"http:\/\/sintema.org.br\/sintema\/wp-json\/wp\/v2\/types\/post"}],"author":[{"embeddable":true,"href":"http:\/\/sintema.org.br\/sintema\/wp-json\/wp\/v2\/users\/2"}],"replies":[{"embeddable":true,"href":"http:\/\/sintema.org.br\/sintema\/wp-json\/wp\/v2\/comments?post=5769"}],"version-history":[{"count":1,"href":"http:\/\/sintema.org.br\/sintema\/wp-json\/wp\/v2\/posts\/5769\/revisions"}],"predecessor-version":[{"id":5771,"href":"http:\/\/sintema.org.br\/sintema\/wp-json\/wp\/v2\/posts\/5769\/revisions\/5771"}],"wp:attachment":[{"href":"http:\/\/sintema.org.br\/sintema\/wp-json\/wp\/v2\/media?parent=5769"}],"wp:term":[{"taxonomy":"category","embeddable":true,"href":"http:\/\/sintema.org.br\/sintema\/wp-json\/wp\/v2\/categories?post=5769"},{"taxonomy":"post_tag","embeddable":true,"href":"http:\/\/sintema.org.br\/sintema\/wp-json\/wp\/v2\/tags?post=5769"}],"curies":[{"name":"wp","href":"https:\/\/api.w.org\/{rel}","templated":true}]}}