{"id":5776,"date":"2015-04-01T13:43:17","date_gmt":"2015-04-01T13:43:17","guid":{"rendered":"http:\/\/sintema.org.br\/sintema\/?p=5776"},"modified":"2015-04-01T13:43:17","modified_gmt":"2015-04-01T13:43:17","slug":"sintema-deseja-feliz-pascoa-aos-trabalhadores","status":"publish","type":"post","link":"http:\/\/sintema.org.br\/sintema\/sintema-deseja-feliz-pascoa-aos-trabalhadores\/","title":{"rendered":"Sintema deseja Feliz P\u00e1scoa aos Trabalhadores"},"content":{"rendered":"<p>A diretoria do SINTEMA, gest\u00e3o Unidade &amp; Trabalho, deseja a toda a Categoria FELIZ P\u00c1SCOA entendendo que este, \u00e9 um momento de celebra\u00e7\u00e3o e f\u00e9.<\/p>\n<div>Entenda mais sobre o que \u00e9 a Semana Santa:<\/div>\n<div><a href=\"http:\/\/sintema.org.br\/sintema\/wp-content\/uploads\/2014\/04\/lava-pes.jpg\"><img loading=\"lazy\" class=\"alignnone  wp-image-4705\" alt=\"lava-pes\" src=\"http:\/\/sintema.org.br\/sintema\/wp-content\/uploads\/2014\/04\/lava-pes.jpg\" width=\"319\" height=\"245\" srcset=\"http:\/\/sintema.org.br\/sintema\/wp-content\/uploads\/2014\/04\/lava-pes.jpg 455w, http:\/\/sintema.org.br\/sintema\/wp-content\/uploads\/2014\/04\/lava-pes-300x230.jpg 300w\" sizes=\"(max-width: 319px) 100vw, 319px\" \/><\/a><\/div>\n<div>Estamos celebrando a Semana Santa. Neste tempo revivemos e rememoramos os principais acontecimentos da vida e atua\u00e7\u00e3o de nosso Senhor Jesus Cristo.\u00a0A Semana Santa inicia no Domingo de Ramos, quando Jesus entrou gloriosamente em Jerusal\u00e9m, dando um exemplo de humildade, montado num jumentinho. Nesta ocasi\u00e3o Jesus foi aclamado pelo povo como rei.<\/div>\n<div><\/div>\n<div>Na Quinta-feira Santa celebramos o Lava-p\u00e9s e a \u00faltima Ceia de Jesus. Nosso Senhor lavou os p\u00e9s dos disc\u00edpulos ensinando que devemos servir uns aos outros em humildade e amor. Gestos de prepot\u00eancia e arrog\u00e2ncia n\u00e3o devem ser atitudes de pessoas crist\u00e3s. Ap\u00f3s este ato, Jesus jantou pela \u00faltima vez com seus disc\u00edpulos antes de sua paix\u00e3o e morte. Nesta ocasi\u00e3o ele instituiu a Santa Ceia. Atrav\u00e9s do fruto da videira e do p\u00e3o, recebemos Cristo em nossa vida. Comungamos do verdadeiro corpo e sangue de nosso Senhor. Atrav\u00e9s de Jesus, Deus nos perdoa, reconcilia e promove a comunh\u00e3o.<\/div>\n<div><\/div>\n<div>Na Sexta-feira Santa ou Sexta-feira da Paix\u00e3o acontece o sacrif\u00edcio de Cristo na Cruz em nosso favor. Jesus Cristo se entrega como cordeiro imolado para nos salvar da morte e dos pecados. Sua entrega na cruz nos concede absolvi\u00e7\u00e3o plena.<\/div>\n<div><\/div>\n<div>No S\u00e1bado Santo, como igreja crist\u00e3, ficamos em vig\u00edlia. H\u00e1 nisto um misto de dor e esperan\u00e7a. Um aperto no peito e certa ansiedade pelo que h\u00e1 de vir. A Igreja Crist\u00e3 espera ansiosa e ora a Deus para que chegue o amanhecer do Domingo da Ressurrei\u00e7\u00e3o: o amanhecer de uma nova vida.<\/div>\n<div><\/div>\n<div>\n<div>No Domingo de P\u00e1scoa, com muita alegria, com c\u00e2nticos de j\u00fabilo e imenso louvor a Deus celebramos a Ressurrei\u00e7\u00e3o de Jesus. Com ela, em f\u00e9, temos plena certeza que n\u00f3s fomos salvos e que somos herdeiros da vida eterna. Jesus Cristo, com sua morte e ressurrei\u00e7\u00e3o, se mostra presente em nossa vida. Ele concede a oportunidade de termos comunh\u00e3o com Ele e com nossos irm\u00e3os e nossas irm\u00e3s na f\u00e9.<\/div>\n<div><\/div>\n<div><\/div>\n<div><em>Imprensa Sintema com dados do\u00a0http:\/\/marcelopeter.blogspot.com.br\/2013\/03\/mensagem-para-semana-santa.html<\/em><\/div>\n<\/div>\n","protected":false},"excerpt":{"rendered":"<p>A diretoria do SINTEMA, gest\u00e3o Unidade &amp; Trabalho, deseja a toda a Categoria FELIZ P\u00c1SCOA entendendo que este, \u00e9 um momento de celebra\u00e7\u00e3o e f\u00e9. Entenda mais sobre o que \u00e9 a Semana Santa: Estamos celebrando a Semana Santa. Neste tempo revivemos e rememoramos os principais acontecimentos da vida e atua\u00e7\u00e3o de nosso Senhor Jesus [&hellip;]<\/p>\n","protected":false},"author":2,"featured_media":0,"comment_status":"open","ping_status":"open","sticky":false,"template":"","format":"standard","meta":[],"categories":[5],"tags":[],"_links":{"self":[{"href":"http:\/\/sintema.org.br\/sintema\/wp-json\/wp\/v2\/posts\/5776"}],"collection":[{"href":"http:\/\/sintema.org.br\/sintema\/wp-json\/wp\/v2\/posts"}],"about":[{"href":"http:\/\/sintema.org.br\/sintema\/wp-json\/wp\/v2\/types\/post"}],"author":[{"embeddable":true,"href":"http:\/\/sintema.org.br\/sintema\/wp-json\/wp\/v2\/users\/2"}],"replies":[{"embeddable":true,"href":"http:\/\/sintema.org.br\/sintema\/wp-json\/wp\/v2\/comments?post=5776"}],"version-history":[{"count":1,"href":"http:\/\/sintema.org.br\/sintema\/wp-json\/wp\/v2\/posts\/5776\/revisions"}],"predecessor-version":[{"id":5777,"href":"http:\/\/sintema.org.br\/sintema\/wp-json\/wp\/v2\/posts\/5776\/revisions\/5777"}],"wp:attachment":[{"href":"http:\/\/sintema.org.br\/sintema\/wp-json\/wp\/v2\/media?parent=5776"}],"wp:term":[{"taxonomy":"category","embeddable":true,"href":"http:\/\/sintema.org.br\/sintema\/wp-json\/wp\/v2\/categories?post=5776"},{"taxonomy":"post_tag","embeddable":true,"href":"http:\/\/sintema.org.br\/sintema\/wp-json\/wp\/v2\/tags?post=5776"}],"curies":[{"name":"wp","href":"https:\/\/api.w.org\/{rel}","templated":true}]}}