{"id":5778,"date":"2015-04-07T16:39:15","date_gmt":"2015-04-07T16:39:15","guid":{"rendered":"http:\/\/sintema.org.br\/sintema\/?p=5778"},"modified":"2015-04-07T16:39:15","modified_gmt":"2015-04-07T16:39:15","slug":"sintema-convoca-assembleias-gerais-para-escolha-de-delegados-ao-xxii-confasubra-2","status":"publish","type":"post","link":"http:\/\/sintema.org.br\/sintema\/sintema-convoca-assembleias-gerais-para-escolha-de-delegados-ao-xxii-confasubra-2\/","title":{"rendered":"SINTEMA convoca Assembleias Gerais para escolha de Delegados ao XXII CONFASUBRA"},"content":{"rendered":"<p><a href=\"http:\/\/sintema.org.br\/sintema\/wp-content\/uploads\/2015\/03\/Cartaz-XXII-CONFASUBRA-1.jpg\"><img loading=\"lazy\" class=\"alignnone  wp-image-5757\" alt=\"Cartaz - XXII CONFASUBRA (1)\" src=\"http:\/\/sintema.org.br\/sintema\/wp-content\/uploads\/2015\/03\/Cartaz-XXII-CONFASUBRA-1.jpg\" width=\"287\" height=\"380\" \/><\/a><\/p>\n<p>A Dire\u00e7\u00e3o do Sintema, gest\u00e3o Unidade &amp; Trabalho, conclama a categoria para as assembleias gerais de escolha dos Delegados ao XXII Confasubra, que ser\u00e1 realizado de 4 \u00e0 8 de maio de 2015, na cidade de Po\u00e7os de Caldas \u2013 MG.<\/p>\n<p>Confira as convocat\u00f3rias e participe!!!<\/p>\n<p>ASSEMBLEIA GERAL NO CAMPUS DO BACANGA \u2013 UFMA \u2013 S\u00c3O LUIS:<\/p>\n<p><a href=\"http:\/\/sintema.org.br\/sintema\/wp-content\/uploads\/2015\/03\/CONVOCATORIA-GRANDE.jpg\"><img loading=\"lazy\" class=\"alignnone  wp-image-5758\" alt=\"CONVOCATORIA GRANDE\" src=\"http:\/\/sintema.org.br\/sintema\/wp-content\/uploads\/2015\/03\/CONVOCATORIA-GRANDE.jpg\" width=\"503\" height=\"712\" srcset=\"http:\/\/sintema.org.br\/sintema\/wp-content\/uploads\/2015\/03\/CONVOCATORIA-GRANDE.jpg 719w, http:\/\/sintema.org.br\/sintema\/wp-content\/uploads\/2015\/03\/CONVOCATORIA-GRANDE-212x300.jpg 212w\" sizes=\"(max-width: 503px) 100vw, 503px\" \/><\/a><\/p>\n","protected":false},"excerpt":{"rendered":"<p>A Dire\u00e7\u00e3o do Sintema, gest\u00e3o Unidade &amp; Trabalho, conclama a categoria para as assembleias gerais de escolha dos Delegados ao XXII Confasubra, que ser\u00e1 realizado de 4 \u00e0 8 de maio de 2015, na cidade de Po\u00e7os de Caldas \u2013 MG. Confira as convocat\u00f3rias e participe!!! ASSEMBLEIA GERAL NO CAMPUS DO BACANGA \u2013 UFMA \u2013 [&hellip;]<\/p>\n","protected":false},"author":2,"featured_media":0,"comment_status":"open","ping_status":"open","sticky":false,"template":"","format":"standard","meta":[],"categories":[12,5],"tags":[],"_links":{"self":[{"href":"http:\/\/sintema.org.br\/sintema\/wp-json\/wp\/v2\/posts\/5778"}],"collection":[{"href":"http:\/\/sintema.org.br\/sintema\/wp-json\/wp\/v2\/posts"}],"about":[{"href":"http:\/\/sintema.org.br\/sintema\/wp-json\/wp\/v2\/types\/post"}],"author":[{"embeddable":true,"href":"http:\/\/sintema.org.br\/sintema\/wp-json\/wp\/v2\/users\/2"}],"replies":[{"embeddable":true,"href":"http:\/\/sintema.org.br\/sintema\/wp-json\/wp\/v2\/comments?post=5778"}],"version-history":[{"count":1,"href":"http:\/\/sintema.org.br\/sintema\/wp-json\/wp\/v2\/posts\/5778\/revisions"}],"predecessor-version":[{"id":5779,"href":"http:\/\/sintema.org.br\/sintema\/wp-json\/wp\/v2\/posts\/5778\/revisions\/5779"}],"wp:attachment":[{"href":"http:\/\/sintema.org.br\/sintema\/wp-json\/wp\/v2\/media?parent=5778"}],"wp:term":[{"taxonomy":"category","embeddable":true,"href":"http:\/\/sintema.org.br\/sintema\/wp-json\/wp\/v2\/categories?post=5778"},{"taxonomy":"post_tag","embeddable":true,"href":"http:\/\/sintema.org.br\/sintema\/wp-json\/wp\/v2\/tags?post=5778"}],"curies":[{"name":"wp","href":"https:\/\/api.w.org\/{rel}","templated":true}]}}