{"id":5780,"date":"2015-04-08T16:10:01","date_gmt":"2015-04-08T16:10:01","guid":{"rendered":"http:\/\/sintema.org.br\/sintema\/?p=5780"},"modified":"2015-04-08T22:25:51","modified_gmt":"2015-04-08T22:25:51","slug":"delegados-ao-xxii-confasubra-sao-eleitos-em-assembleia-geral","status":"publish","type":"post","link":"http:\/\/sintema.org.br\/sintema\/delegados-ao-xxii-confasubra-sao-eleitos-em-assembleia-geral\/","title":{"rendered":"Delegados ao XXII CONFASUBRA s\u00e3o eleitos em Assembleia Geral"},"content":{"rendered":"<p>&nbsp;<\/p>\n<p>Na manh\u00e3 desta quarta-feira (08), os trabalhadores T\u00e9cnico-administrativos em Educa\u00e7\u00e3o da UFMA reunidos em assembleia geral, elegeram os Delegados que representar\u00e3o a categoria no XXII Congresso da FASUBRA &#8211; CONFASUBRA, que ser\u00e1 realizado na cidade de Po\u00e7os de Caldas (MG), no per\u00edodo de 4 a 8 de maio de 2015.<\/p>\n[caption id=\"attachment_5783\" align=\"alignnone\" width=\"434\"]<a href=\"http:\/\/sintema.org.br\/sintema\/wp-content\/uploads\/2015\/04\/fila.jpg\"><img loading=\"lazy\" class=\" wp-image-5783\" alt=\"fila\" src=\"http:\/\/sintema.org.br\/sintema\/wp-content\/uploads\/2015\/04\/fila.jpg\" width=\"434\" height=\"289\" srcset=\"http:\/\/sintema.org.br\/sintema\/wp-content\/uploads\/2015\/04\/fila.jpg 723w, http:\/\/sintema.org.br\/sintema\/wp-content\/uploads\/2015\/04\/fila-300x200.jpg 300w\" sizes=\"(max-width: 434px) 100vw, 434px\" \/><\/a> Servidores fazem fila para votar.[\/caption]\n<p>Os trabalhadores compareceram em grande n\u00famero ao hall do pr\u00e9dio Castel\u00e3o, campus do Bacanga, local em que aconteceu o evento. Mariano Azevedo e Alcemir Ferreira conduziram os trabalhos acompanhados do assessor jur\u00eddico do SINTEMA, Dr. Glaydson Rodrigues, e dos representantes da Dire\u00e7\u00e3o Nacional da FASUBRA, Chiquinho Piquet e Almiram Rodrigues.<\/p>\n[caption id=\"attachment_5782\" align=\"alignnone\" width=\"418\"]<a href=\"http:\/\/sintema.org.br\/sintema\/wp-content\/uploads\/2015\/04\/mesa.jpg\"><img loading=\"lazy\" class=\" wp-image-5782\" alt=\"mesa\" src=\"http:\/\/sintema.org.br\/sintema\/wp-content\/uploads\/2015\/04\/mesa.jpg\" width=\"418\" height=\"278\" srcset=\"http:\/\/sintema.org.br\/sintema\/wp-content\/uploads\/2015\/04\/mesa.jpg 633w, http:\/\/sintema.org.br\/sintema\/wp-content\/uploads\/2015\/04\/mesa-300x200.jpg 300w\" sizes=\"(max-width: 418px) 100vw, 418px\" \/><\/a> Membros da mesa conduziram os trabalhos da assembleia geral.[\/caption]\n<p>Ao mesmo tempo, os diretores Jorge Mendes e Miguel Barbosa secretariavam a lista de presen\u00e7a dos trabalhadores, realizando o controle do n\u00famero de votantes.<\/p>\n[caption id=\"attachment_5784\" align=\"alignnone\" width=\"455\"]<a href=\"http:\/\/sintema.org.br\/sintema\/wp-content\/uploads\/2015\/04\/mesadecontrole.jpg\"><img loading=\"lazy\" class=\" wp-image-5784   \" alt=\"Os diretores sindicais Jorge Mendes e Miguel Barbosa realizaram o controle de presen\u00e7a e da lista de vota\u00e7\u00e3o.\" src=\"http:\/\/sintema.org.br\/sintema\/wp-content\/uploads\/2015\/04\/mesadecontrole.jpg\" width=\"455\" height=\"303\" srcset=\"http:\/\/sintema.org.br\/sintema\/wp-content\/uploads\/2015\/04\/mesadecontrole.jpg 723w, http:\/\/sintema.org.br\/sintema\/wp-content\/uploads\/2015\/04\/mesadecontrole-300x200.jpg 300w\" sizes=\"(max-width: 455px) 100vw, 455px\" \/><\/a> Os diretores sindicais Jorge Mendes e Miguel Barbosa realizaram o controle de presen\u00e7a e da lista de vota\u00e7\u00e3o.[\/caption]\n<p>A escolha dos Delegados foi realizada atrav\u00e9s da vota\u00e7\u00e3o em chapas formadas para o pleito espec\u00edfico. Tr\u00eas chapas se inscreveram: CSC\/CTB\/TRIBO &#8211; CHAPA 1; RESSIGNIFICAR &#8211; CHAPA 2 e; SERVIDORES DE BASE &#8211; CHAPA 3. Antes de iniciar a vota\u00e7\u00e3o, representantes das chapas puderam fazer a defesa das chamadas teses, a base te\u00f3rica que justifica o posicionamento pol\u00edtico de cada corrente do movimento sindical.<\/p>\n[caption id=\"attachment_5785\" align=\"alignnone\" width=\"434\"]<a href=\"http:\/\/sintema.org.br\/sintema\/wp-content\/uploads\/2015\/04\/sorteio.jpg\"><img loading=\"lazy\" class=\" wp-image-5785 \" alt=\"Sorteio para ordem de defesa das Teses.\" src=\"http:\/\/sintema.org.br\/sintema\/wp-content\/uploads\/2015\/04\/sorteio.jpg\" width=\"434\" height=\"289\" srcset=\"http:\/\/sintema.org.br\/sintema\/wp-content\/uploads\/2015\/04\/sorteio.jpg 723w, http:\/\/sintema.org.br\/sintema\/wp-content\/uploads\/2015\/04\/sorteio-300x200.jpg 300w\" sizes=\"(max-width: 434px) 100vw, 434px\" \/><\/a> Sorteio para ordem de defesa das Teses.[\/caption]\n<p>As chapas 1 e 2 defenderam um posicionamento de uni\u00e3o da classe trabalhadora na defesa do pa\u00eds, da educa\u00e7\u00e3o p\u00fablica gratuita e de qualidade, contra o golpe financiado pela Direita, entre outros. J\u00e1 a chapa 3 defendeu a radicaliza\u00e7\u00e3o dos trabalhadores na defesa dos direitos trabalhistas, acusando o atual Governo Federal pelo andamento do PL da Terceiriza\u00e7\u00e3o, entre outros.<\/p>\n[caption id=\"attachment_5787\" align=\"alignnone\" width=\"434\"]<a href=\"http:\/\/sintema.org.br\/sintema\/wp-content\/uploads\/2015\/04\/sonia1.jpg\"><img loading=\"lazy\" class=\" wp-image-5787 \" alt=\"Sonia Baldez iniciou a defesa das Teses. A trabalhadora defendeu a tese RESSIGNIFICAR.\" src=\"http:\/\/sintema.org.br\/sintema\/wp-content\/uploads\/2015\/04\/sonia1.jpg\" width=\"434\" height=\"289\" srcset=\"http:\/\/sintema.org.br\/sintema\/wp-content\/uploads\/2015\/04\/sonia1.jpg 723w, http:\/\/sintema.org.br\/sintema\/wp-content\/uploads\/2015\/04\/sonia1-300x200.jpg 300w\" sizes=\"(max-width: 434px) 100vw, 434px\" \/><\/a> Sonia Baldez fez a defesa da Tese RESSIGNIFICAR.[\/caption]\n[caption id=\"attachment_5788\" align=\"alignnone\" width=\"440\"]<a href=\"http:\/\/sintema.org.br\/sintema\/wp-content\/uploads\/2015\/04\/campos.jpg\"><img loading=\"lazy\" class=\" wp-image-5788   \" alt=\"Campos Junior fez parte da defesa da tese SERVIDORES DE BASE.\" src=\"http:\/\/sintema.org.br\/sintema\/wp-content\/uploads\/2015\/04\/campos.jpg\" width=\"440\" height=\"350\" srcset=\"http:\/\/sintema.org.br\/sintema\/wp-content\/uploads\/2015\/04\/campos.jpg 607w, http:\/\/sintema.org.br\/sintema\/wp-content\/uploads\/2015\/04\/campos-300x238.jpg 300w\" sizes=\"(max-width: 440px) 100vw, 440px\" \/><\/a> Campos Junior fez parte da defesa da tese SERVIDORES DE BASE.[\/caption]\n[caption id=\"attachment_5789\" align=\"alignnone\" width=\"434\"]<a href=\"http:\/\/sintema.org.br\/sintema\/wp-content\/uploads\/2015\/04\/paulo.jpg\"><img loading=\"lazy\" class=\" wp-image-5789\" alt=\"Paulo de Tarso findou a apresenta\u00e7\u00e3o iniciada por Campos.\" src=\"http:\/\/sintema.org.br\/sintema\/wp-content\/uploads\/2015\/04\/paulo.jpg\" width=\"434\" height=\"289\" srcset=\"http:\/\/sintema.org.br\/sintema\/wp-content\/uploads\/2015\/04\/paulo.jpg 723w, http:\/\/sintema.org.br\/sintema\/wp-content\/uploads\/2015\/04\/paulo-300x200.jpg 300w\" sizes=\"(max-width: 434px) 100vw, 434px\" \/><\/a> Paulo de Tarso findou a apresenta\u00e7\u00e3o iniciada por Campos.[\/caption]\n[caption id=\"attachment_5790\" align=\"alignnone\" width=\"434\"]<a href=\"http:\/\/sintema.org.br\/sintema\/wp-content\/uploads\/2015\/04\/claudio.jpg\"><img loading=\"lazy\" class=\" wp-image-5790 \" alt=\"Cl\u00e1udio Bezerra iniciou a defesa da Tese CSC\/CTB\/TRIBO, dividindo o tempo com mais dois trabalhadores.\" src=\"http:\/\/sintema.org.br\/sintema\/wp-content\/uploads\/2015\/04\/claudio.jpg\" width=\"434\" height=\"289\" srcset=\"http:\/\/sintema.org.br\/sintema\/wp-content\/uploads\/2015\/04\/claudio.jpg 723w, http:\/\/sintema.org.br\/sintema\/wp-content\/uploads\/2015\/04\/claudio-300x200.jpg 300w\" sizes=\"(max-width: 434px) 100vw, 434px\" \/><\/a> Cl\u00e1udio Bezerra iniciou a defesa da Tese CSC\/CTB\/TRIBO, dividindo o tempo com mais dois trabalhadores.[\/caption]\n[caption id=\"attachment_5792\" align=\"alignnone\" width=\"434\"]<a href=\"http:\/\/sintema.org.br\/sintema\/wp-content\/uploads\/2015\/04\/gra\u00e7a.jpg\"><img loading=\"lazy\" class=\" wp-image-5792 \" alt=\"Gra\u00e7a Ferro deu seguimento a defesa da Tese CSC\/CTB\/TRIBO.\" src=\"http:\/\/sintema.org.br\/sintema\/wp-content\/uploads\/2015\/04\/gra\u00e7a.jpg\" width=\"434\" height=\"289\" srcset=\"http:\/\/sintema.org.br\/sintema\/wp-content\/uploads\/2015\/04\/gra\u00e7a.jpg 723w, http:\/\/sintema.org.br\/sintema\/wp-content\/uploads\/2015\/04\/gra\u00e7a-300x200.jpg 300w\" sizes=\"(max-width: 434px) 100vw, 434px\" \/><\/a> Gra\u00e7a Ferro deu seguimento a defesa da Tese CSC\/CTB\/TRIBO.[\/caption]\n[caption id=\"attachment_5793\" align=\"alignnone\" width=\"434\"]<a href=\"http:\/\/sintema.org.br\/sintema\/wp-content\/uploads\/2015\/04\/mariano.jpg\"><img loading=\"lazy\" class=\" wp-image-5793 \" alt=\"Mariano Azevedo finalizou a defesa da Tese CSC\/CTB\/TRIBO.\" src=\"http:\/\/sintema.org.br\/sintema\/wp-content\/uploads\/2015\/04\/mariano.jpg\" width=\"434\" height=\"289\" srcset=\"http:\/\/sintema.org.br\/sintema\/wp-content\/uploads\/2015\/04\/mariano.jpg 723w, http:\/\/sintema.org.br\/sintema\/wp-content\/uploads\/2015\/04\/mariano-300x200.jpg 300w\" sizes=\"(max-width: 434px) 100vw, 434px\" \/><\/a> Mariano Azevedo finalizou a defesa da Tese CSC\/CTB\/TRIBO.[\/caption]\n<p>Realizada a vota\u00e7\u00e3o os representantes das tr\u00eas chapas procederam a contagem dos votos na presen\u00e7a do advogado do Sintema e dos representantes da FASUBRA. A CHAPA 1 obteve 51 votos seguida pela CHAPA 2 com 41 votos, j\u00e1 a CHAPA 3 obteve apenas 33 votos.<\/p>\n[caption id=\"attachment_5794\" align=\"alignnone\" width=\"347\"]<a href=\"http:\/\/sintema.org.br\/sintema\/wp-content\/uploads\/2015\/04\/votacao.jpg\"><img loading=\"lazy\" class=\" wp-image-5794  \" alt=\"Votos s\u00e3o colocados na urna.\" src=\"http:\/\/sintema.org.br\/sintema\/wp-content\/uploads\/2015\/04\/votacao.jpg\" width=\"347\" height=\"232\" \/><\/a> Votos s\u00e3o colocados na urna.[\/caption]\n[caption id=\"attachment_5795\" align=\"alignnone\" width=\"379\"]<a href=\"http:\/\/sintema.org.br\/sintema\/wp-content\/uploads\/2015\/04\/apuracao.jpg\"><img loading=\"lazy\" class=\" wp-image-5795 \" alt=\"Apura\u00e7\u00e3o com a presen\u00e7a dos representantes das tr\u00eas chapas.\" src=\"http:\/\/sintema.org.br\/sintema\/wp-content\/uploads\/2015\/04\/apuracao.jpg\" width=\"379\" height=\"253\" srcset=\"http:\/\/sintema.org.br\/sintema\/wp-content\/uploads\/2015\/04\/apuracao.jpg 632w, http:\/\/sintema.org.br\/sintema\/wp-content\/uploads\/2015\/04\/apuracao-300x200.jpg 300w\" sizes=\"(max-width: 379px) 100vw, 379px\" \/><\/a> Apura\u00e7\u00e3o com a presen\u00e7a dos representantes das tr\u00eas chapas.[\/caption]\n<p>Com o crit\u00e9rio da proporcionalidade estabelecido pelo Regimento do CONFASUBRA o n\u00famero de Delegados resultou no seguinte quadro: CHAPA 1 enviar\u00e1 6 Delegados; CHAPA 2 &#8211; 5 Delegados e; CHAPA 3 &#8211; 4 Delegados.<\/p>\n<p>&nbsp;<\/p>\n<p><strong><em>Imprensa Sintema. Mat\u00e9ria corrigida \u00e0s 17:30h do dia 08\/04\/2015.<br \/>\n<\/em><\/strong><\/p>\n","protected":false},"excerpt":{"rendered":"<p>&nbsp; Na manh\u00e3 desta quarta-feira (08), os trabalhadores T\u00e9cnico-administrativos em Educa\u00e7\u00e3o da UFMA reunidos em assembleia geral, elegeram os Delegados que representar\u00e3o a categoria no XXII Congresso da FASUBRA &#8211; CONFASUBRA, que ser\u00e1 realizado na cidade de Po\u00e7os de Caldas (MG), no per\u00edodo de 4 a 8 de maio de 2015. Os trabalhadores compareceram em [&hellip;]<\/p>\n","protected":false},"author":2,"featured_media":0,"comment_status":"open","ping_status":"open","sticky":false,"template":"","format":"standard","meta":[],"categories":[12,5],"tags":[],"_links":{"self":[{"href":"http:\/\/sintema.org.br\/sintema\/wp-json\/wp\/v2\/posts\/5780"}],"collection":[{"href":"http:\/\/sintema.org.br\/sintema\/wp-json\/wp\/v2\/posts"}],"about":[{"href":"http:\/\/sintema.org.br\/sintema\/wp-json\/wp\/v2\/types\/post"}],"author":[{"embeddable":true,"href":"http:\/\/sintema.org.br\/sintema\/wp-json\/wp\/v2\/users\/2"}],"replies":[{"embeddable":true,"href":"http:\/\/sintema.org.br\/sintema\/wp-json\/wp\/v2\/comments?post=5780"}],"version-history":[{"count":7,"href":"http:\/\/sintema.org.br\/sintema\/wp-json\/wp\/v2\/posts\/5780\/revisions"}],"predecessor-version":[{"id":5801,"href":"http:\/\/sintema.org.br\/sintema\/wp-json\/wp\/v2\/posts\/5780\/revisions\/5801"}],"wp:attachment":[{"href":"http:\/\/sintema.org.br\/sintema\/wp-json\/wp\/v2\/media?parent=5780"}],"wp:term":[{"taxonomy":"category","embeddable":true,"href":"http:\/\/sintema.org.br\/sintema\/wp-json\/wp\/v2\/categories?post=5780"},{"taxonomy":"post_tag","embeddable":true,"href":"http:\/\/sintema.org.br\/sintema\/wp-json\/wp\/v2\/tags?post=5780"}],"curies":[{"name":"wp","href":"https:\/\/api.w.org\/{rel}","templated":true}]}}