{"id":5815,"date":"2015-04-22T14:26:06","date_gmt":"2015-04-22T14:26:06","guid":{"rendered":"http:\/\/sintema.org.br\/sintema\/?p=5815"},"modified":"2015-04-22T14:26:06","modified_gmt":"2015-04-22T14:26:06","slug":"informe-sobre-a-reuniao-fasubra-mec","status":"publish","type":"post","link":"http:\/\/sintema.org.br\/sintema\/informe-sobre-a-reuniao-fasubra-mec\/","title":{"rendered":"Informe sobre a Reuni\u00e3o FASUBRA &#8211; MEC"},"content":{"rendered":"<p><a href=\"http:\/\/sintema.org.br\/sintema\/wp-content\/uploads\/2015\/04\/reuni\u00e3o.jpg\"><img loading=\"lazy\" class=\"alignnone  wp-image-5816\" alt=\"reuni\u00e3o\" src=\"http:\/\/sintema.org.br\/sintema\/wp-content\/uploads\/2015\/04\/reuni\u00e3o-1024x640.jpg\" width=\"384\" height=\"240\" srcset=\"http:\/\/sintema.org.br\/sintema\/wp-content\/uploads\/2015\/04\/reuni\u00e3o-1024x640.jpg 1024w, http:\/\/sintema.org.br\/sintema\/wp-content\/uploads\/2015\/04\/reuni\u00e3o-300x187.jpg 300w, http:\/\/sintema.org.br\/sintema\/wp-content\/uploads\/2015\/04\/reuni\u00e3o.jpg 1600w\" sizes=\"(max-width: 384px) 100vw, 384px\" \/><\/a><\/p>\n<p>A reuni\u00e3o teve in\u00edcio com a apresenta\u00e7\u00e3o do Ministro da Educa\u00e7\u00e3o em que afirmou sua disposi\u00e7\u00e3o de estar sempre aberto ao di\u00e1logo para busca de solu\u00e7\u00f5es de conflitos instalados entre o governo e a categoria. Em seguida a DN FASUBRA fez um breve resgate da greve de 2014 e em dos pontos de pauta daquele per\u00edodo ainda pendentes e ainda sem resposta efetiva por parte do MEC. Al\u00e9m disso foi informado ao ministro que h\u00e1 uma insatisfa\u00e7\u00e3o latente no conjunto da categoria que aponta com o indicativo de greve para maio deliberado na \u00faltima plen\u00e1ria nacional da FASUBRA. Foi cobrado ainda por parte da DN-FASUBRA a efetiva\u00e7\u00e3o do Plano Nacional De Capacita\u00e7\u00e3o, \u00a0cujo lan\u00e7amento se deu em 2013 e at\u00e9 a presente data n\u00e3o saiu do papel. A DN refor\u00e7ou, tamb\u00e9m a solicita\u00e7\u00e3o de libera\u00e7\u00e3o dos trabalhadores que ser\u00e3o delegados para o XXII CONFASUBRA, no per\u00edodo de 04 a 08 de maio, na cidade de Po\u00e7os de Caldas.<\/p>\n<p>&nbsp;<\/p>\n<p>O Ministro agradeceu pela objetividade e franqueza da dire\u00e7\u00e3o da FASUBRA, disse que ainda est\u00e1 se familiarizando com a din\u00e2mica do Minist\u00e9rio e colocou claramente que est\u00e1 aberto ao di\u00e1logo embora toda demanda que envolva custos seja preocupante, pois o or\u00e7amento tem limita\u00e7\u00f5es.<\/p>\n<p>&nbsp;<\/p>\n<p>Ap\u00f3s uma breve conversa o ministro precisou se retirar para atender outras agendas, e a reuni\u00e3o continuou Os Secret\u00e1rios Executivo, prof. Luiz Cl\u00e1udio e da SESu, prof. Jesualdo, e ficou agendada nova reuni\u00e3o para o dia 28 de abril, que segundo os representantes do MEC ter\u00e1 o objetivo de responder definitivamente aos pontos da pauta da FASUBRA.<\/p>\n<p><em><strong>Fonte: Fasubra.<\/strong><\/em><\/p>\n","protected":false},"excerpt":{"rendered":"<p>A reuni\u00e3o teve in\u00edcio com a apresenta\u00e7\u00e3o do Ministro da Educa\u00e7\u00e3o em que afirmou sua disposi\u00e7\u00e3o de estar sempre aberto ao di\u00e1logo para busca de solu\u00e7\u00f5es de conflitos instalados entre o governo e a categoria. Em seguida a DN FASUBRA fez um breve resgate da greve de 2014 e em dos pontos de pauta daquele [&hellip;]<\/p>\n","protected":false},"author":2,"featured_media":0,"comment_status":"open","ping_status":"open","sticky":false,"template":"","format":"standard","meta":[],"categories":[5,18],"tags":[],"_links":{"self":[{"href":"http:\/\/sintema.org.br\/sintema\/wp-json\/wp\/v2\/posts\/5815"}],"collection":[{"href":"http:\/\/sintema.org.br\/sintema\/wp-json\/wp\/v2\/posts"}],"about":[{"href":"http:\/\/sintema.org.br\/sintema\/wp-json\/wp\/v2\/types\/post"}],"author":[{"embeddable":true,"href":"http:\/\/sintema.org.br\/sintema\/wp-json\/wp\/v2\/users\/2"}],"replies":[{"embeddable":true,"href":"http:\/\/sintema.org.br\/sintema\/wp-json\/wp\/v2\/comments?post=5815"}],"version-history":[{"count":1,"href":"http:\/\/sintema.org.br\/sintema\/wp-json\/wp\/v2\/posts\/5815\/revisions"}],"predecessor-version":[{"id":5817,"href":"http:\/\/sintema.org.br\/sintema\/wp-json\/wp\/v2\/posts\/5815\/revisions\/5817"}],"wp:attachment":[{"href":"http:\/\/sintema.org.br\/sintema\/wp-json\/wp\/v2\/media?parent=5815"}],"wp:term":[{"taxonomy":"category","embeddable":true,"href":"http:\/\/sintema.org.br\/sintema\/wp-json\/wp\/v2\/categories?post=5815"},{"taxonomy":"post_tag","embeddable":true,"href":"http:\/\/sintema.org.br\/sintema\/wp-json\/wp\/v2\/tags?post=5815"}],"curies":[{"name":"wp","href":"https:\/\/api.w.org\/{rel}","templated":true}]}}