{"id":5818,"date":"2015-04-22T19:40:13","date_gmt":"2015-04-22T19:40:13","guid":{"rendered":"http:\/\/sintema.org.br\/sintema\/?p=5818"},"modified":"2015-04-22T19:40:13","modified_gmt":"2015-04-22T19:40:13","slug":"comunicado-vi-consintema","status":"publish","type":"post","link":"http:\/\/sintema.org.br\/sintema\/comunicado-vi-consintema\/","title":{"rendered":"COMUNICADO: VI CONSINTEMA"},"content":{"rendered":"<div dir=\"ltr\"><em><strong>COMUNICADO: VI CONSINTEMA<\/strong><\/em><\/div>\n<div dir=\"ltr\"><\/div>\n<div dir=\"ltr\"><a href=\"http:\/\/sintema.org.br\/sintema\/wp-content\/uploads\/2015\/04\/consintema.jpg\"><img loading=\"lazy\" class=\"alignnone  wp-image-5819\" alt=\"consintema\" src=\"http:\/\/sintema.org.br\/sintema\/wp-content\/uploads\/2015\/04\/consintema.jpg\" width=\"440\" height=\"236\" srcset=\"http:\/\/sintema.org.br\/sintema\/wp-content\/uploads\/2015\/04\/consintema.jpg 734w, http:\/\/sintema.org.br\/sintema\/wp-content\/uploads\/2015\/04\/consintema-300x161.jpg 300w\" sizes=\"(max-width: 440px) 100vw, 440px\" \/><\/a><\/div>\n<div dir=\"ltr\"><\/div>\n<div dir=\"ltr\" id=\"yiv2871577548yui_3_16_0_1_1429717730963_2363\">A Dire\u00e7\u00e3o do Sintema, gest\u00e3o Unidade &amp; Trabalho, comunica ao conjunto dos trabalhadores T\u00e9cnico-administrativos em educa\u00e7\u00e3o da UFMA, que o sexto Congresso Estadual do Sintema &#8211; VI CONSINTEMA, n\u00e3o ser\u00e1 realizado nos dias 23 e 24 de abril de 2015, conforme prazo temporal assinalado p\u00f3s publica\u00e7\u00e3o de edital no jornal O Estado do Maranh\u00e3o, em face da impossibilidade presencial de convidados e palestrantes de entidades sindicais de \u00e2mbito nacional contactados pela Dire\u00e7\u00e3o do Sindicato.<\/div>\n<div dir=\"ltr\" id=\"yiv2871577548yui_3_16_0_1_1429717730963_2588\"><\/div>\n<div dir=\"ltr\" id=\"yiv2871577548yui_3_16_0_1_1429717730963_2587\">O Sintema publicar\u00e1 novo edital e novas datas em jornal de grande circula\u00e7\u00e3o conforme reza o Estatuto, al\u00e9m de divulgar nos meios de comunica\u00e7\u00e3o da entidade para conhecimento de toda a Categoria.<\/div>\n<div dir=\"ltr\" id=\"yiv2871577548yui_3_16_0_1_1429717730963_2625\"><\/div>\n<div dir=\"ltr\" id=\"yiv2871577548yui_3_16_0_1_1429717730963_2626\">Atenciosamente,<\/div>\n<div dir=\"ltr\" id=\"yiv2871577548yui_3_16_0_1_1429717730963_2640\"><\/div>\n<p><em><strong>Gest\u00e3o Unidade &amp; Trabalho.<\/strong><\/em><\/p>\n","protected":false},"excerpt":{"rendered":"<p>COMUNICADO: VI CONSINTEMA A Dire\u00e7\u00e3o do Sintema, gest\u00e3o Unidade &amp; Trabalho, comunica ao conjunto dos trabalhadores T\u00e9cnico-administrativos em educa\u00e7\u00e3o da UFMA, que o sexto Congresso Estadual do Sintema &#8211; VI CONSINTEMA, n\u00e3o ser\u00e1 realizado nos dias 23 e 24 de abril de 2015, conforme prazo temporal assinalado p\u00f3s publica\u00e7\u00e3o de edital no jornal O Estado [&hellip;]<\/p>\n","protected":false},"author":2,"featured_media":0,"comment_status":"open","ping_status":"open","sticky":false,"template":"","format":"standard","meta":[],"categories":[12,5],"tags":[],"_links":{"self":[{"href":"http:\/\/sintema.org.br\/sintema\/wp-json\/wp\/v2\/posts\/5818"}],"collection":[{"href":"http:\/\/sintema.org.br\/sintema\/wp-json\/wp\/v2\/posts"}],"about":[{"href":"http:\/\/sintema.org.br\/sintema\/wp-json\/wp\/v2\/types\/post"}],"author":[{"embeddable":true,"href":"http:\/\/sintema.org.br\/sintema\/wp-json\/wp\/v2\/users\/2"}],"replies":[{"embeddable":true,"href":"http:\/\/sintema.org.br\/sintema\/wp-json\/wp\/v2\/comments?post=5818"}],"version-history":[{"count":1,"href":"http:\/\/sintema.org.br\/sintema\/wp-json\/wp\/v2\/posts\/5818\/revisions"}],"predecessor-version":[{"id":5820,"href":"http:\/\/sintema.org.br\/sintema\/wp-json\/wp\/v2\/posts\/5818\/revisions\/5820"}],"wp:attachment":[{"href":"http:\/\/sintema.org.br\/sintema\/wp-json\/wp\/v2\/media?parent=5818"}],"wp:term":[{"taxonomy":"category","embeddable":true,"href":"http:\/\/sintema.org.br\/sintema\/wp-json\/wp\/v2\/categories?post=5818"},{"taxonomy":"post_tag","embeddable":true,"href":"http:\/\/sintema.org.br\/sintema\/wp-json\/wp\/v2\/tags?post=5818"}],"curies":[{"name":"wp","href":"https:\/\/api.w.org\/{rel}","templated":true}]}}