{"id":5826,"date":"2015-04-24T18:36:22","date_gmt":"2015-04-24T18:36:22","guid":{"rendered":"http:\/\/sintema.org.br\/sintema\/?p=5826"},"modified":"2015-04-24T18:36:22","modified_gmt":"2015-04-24T18:36:22","slug":"sintema-convida-para-assembleia-geral-da-aaufma","status":"publish","type":"post","link":"http:\/\/sintema.org.br\/sintema\/sintema-convida-para-assembleia-geral-da-aaufma\/","title":{"rendered":"Sintema convida para assembleia geral da AAUFMA"},"content":{"rendered":"<p id=\"yui_3_16_0_1_1429894374368_56714\" align=\"center\"><b id=\"yui_3_16_0_1_1429894374368_56782\">EDITAL DE CONVOCA\u00c7\u00c3O<\/b><\/p>\n<p id=\"yui_3_16_0_1_1429894374368_56707\">A Diretoria da Associa\u00e7\u00e3o dos Amigos da UFMA (AAUFMA), no uso de suas atribui\u00e7\u00f5es estatut\u00e1rias, convoca seus Associados para <b id=\"yui_3_16_0_1_1429894374368_56783\">Assembleia Geral Extraordin\u00e1ria a se realizar no dia 29 de abril de 2015, \u00e0s 16h00, em primeira convoca\u00e7\u00e3o, e \u00e0s 16h30, em segunda convoca\u00e7\u00e3o, com qualquer n\u00famero de associados presentes<\/b>, no Audit\u00f3rio de Multim\u00eddia de P\u00f3s- Gradua\u00e7\u00e3o, CEB Velho \u2013 Cidade Universit\u00e1ria (UFMA), Bacanga, <b id=\"yui_3_16_0_1_1429894374368_56785\">com objetivo de constituir a Comiss\u00e3o Especial <\/b>para elabora\u00e7\u00e3o de Normas Eleitorais com vistas \u00e0 Elei\u00e7\u00e3o da Diretoria e o Conselho Fiscal (gest\u00e3o 2015-2018) da Entidade.<\/p>\n<p id=\"yui_3_16_0_1_1429894374368_56787\" align=\"center\">Maria da Gra\u00e7a Ferro Hawkins<\/p>\n<p align=\"center\"><b id=\"yui_3_16_0_1_1429894374368_56797\">Presidenta<\/b><\/p>\n<p align=\"center\">\n","protected":false},"excerpt":{"rendered":"<p>EDITAL DE CONVOCA\u00c7\u00c3O A Diretoria da Associa\u00e7\u00e3o dos Amigos da UFMA (AAUFMA), no uso de suas atribui\u00e7\u00f5es estatut\u00e1rias, convoca seus Associados para Assembleia Geral Extraordin\u00e1ria a se realizar no dia 29 de abril de 2015, \u00e0s 16h00, em primeira convoca\u00e7\u00e3o, e \u00e0s 16h30, em segunda convoca\u00e7\u00e3o, com qualquer n\u00famero de associados presentes, no Audit\u00f3rio de [&hellip;]<\/p>\n","protected":false},"author":2,"featured_media":0,"comment_status":"open","ping_status":"open","sticky":false,"template":"","format":"standard","meta":[],"categories":[5],"tags":[],"_links":{"self":[{"href":"http:\/\/sintema.org.br\/sintema\/wp-json\/wp\/v2\/posts\/5826"}],"collection":[{"href":"http:\/\/sintema.org.br\/sintema\/wp-json\/wp\/v2\/posts"}],"about":[{"href":"http:\/\/sintema.org.br\/sintema\/wp-json\/wp\/v2\/types\/post"}],"author":[{"embeddable":true,"href":"http:\/\/sintema.org.br\/sintema\/wp-json\/wp\/v2\/users\/2"}],"replies":[{"embeddable":true,"href":"http:\/\/sintema.org.br\/sintema\/wp-json\/wp\/v2\/comments?post=5826"}],"version-history":[{"count":1,"href":"http:\/\/sintema.org.br\/sintema\/wp-json\/wp\/v2\/posts\/5826\/revisions"}],"predecessor-version":[{"id":5828,"href":"http:\/\/sintema.org.br\/sintema\/wp-json\/wp\/v2\/posts\/5826\/revisions\/5828"}],"wp:attachment":[{"href":"http:\/\/sintema.org.br\/sintema\/wp-json\/wp\/v2\/media?parent=5826"}],"wp:term":[{"taxonomy":"category","embeddable":true,"href":"http:\/\/sintema.org.br\/sintema\/wp-json\/wp\/v2\/categories?post=5826"},{"taxonomy":"post_tag","embeddable":true,"href":"http:\/\/sintema.org.br\/sintema\/wp-json\/wp\/v2\/tags?post=5826"}],"curies":[{"name":"wp","href":"https:\/\/api.w.org\/{rel}","templated":true}]}}