{"id":5831,"date":"2015-04-27T23:22:22","date_gmt":"2015-04-27T23:22:22","guid":{"rendered":"http:\/\/sintema.org.br\/sintema\/?p=5831"},"modified":"2015-04-28T00:16:26","modified_gmt":"2015-04-28T00:16:26","slug":"sintema-convida-para-ato-unificado-em-defesa-da-educacao-publica-nesta-quinta-30","status":"publish","type":"post","link":"http:\/\/sintema.org.br\/sintema\/sintema-convida-para-ato-unificado-em-defesa-da-educacao-publica-nesta-quinta-30\/","title":{"rendered":"CONVOCA\u00c7\u00c3O: Ato Unificado em defesa da Educa\u00e7\u00e3o P\u00fablica nesta quinta (30)"},"content":{"rendered":"<p>A Dire\u00e7\u00e3o do Sintema, gest\u00e3o Unidade &amp; Trabalho, convoca toda a categoria e a comunidade universit\u00e1ria em geral para participarem, dia 30 de abril, \u00e0s 16h, em frente ao HUzinho, campus do bacanga, do Ato Unificado em defesa da Educa\u00e7\u00e3o P\u00fablica.<\/p>\n<p>SINTEMA, DCE\/UFMA, ASSUMA e SINDUFMA coordenam o Ato e contam com apoio de Centrais Sindicais que participar\u00e3o do evento.<\/p>\n<p>Participe! Fa\u00e7a valer seu direito por uma Educa\u00e7\u00e3o de qualidade!<\/p>\n<p><a href=\"http:\/\/sintema.org.br\/sintema\/wp-content\/uploads\/2015\/04\/mobilizacaodia30abril.jpg\"><img loading=\"lazy\" class=\"alignnone  wp-image-5832\" alt=\"mobilizacaodia30abril\" src=\"http:\/\/sintema.org.br\/sintema\/wp-content\/uploads\/2015\/04\/mobilizacaodia30abril.jpg\" width=\"503\" height=\"714\" srcset=\"http:\/\/sintema.org.br\/sintema\/wp-content\/uploads\/2015\/04\/mobilizacaodia30abril.jpg 699w, http:\/\/sintema.org.br\/sintema\/wp-content\/uploads\/2015\/04\/mobilizacaodia30abril-211x300.jpg 211w\" sizes=\"(max-width: 503px) 100vw, 503px\" \/><\/a><\/p>\n","protected":false},"excerpt":{"rendered":"<p>A Dire\u00e7\u00e3o do Sintema, gest\u00e3o Unidade &amp; Trabalho, convoca toda a categoria e a comunidade universit\u00e1ria em geral para participarem, dia 30 de abril, \u00e0s 16h, em frente ao HUzinho, campus do bacanga, do Ato Unificado em defesa da Educa\u00e7\u00e3o P\u00fablica. SINTEMA, DCE\/UFMA, ASSUMA e SINDUFMA coordenam o Ato e contam com apoio de Centrais [&hellip;]<\/p>\n","protected":false},"author":2,"featured_media":0,"comment_status":"open","ping_status":"open","sticky":false,"template":"","format":"standard","meta":[],"categories":[12,5],"tags":[],"_links":{"self":[{"href":"http:\/\/sintema.org.br\/sintema\/wp-json\/wp\/v2\/posts\/5831"}],"collection":[{"href":"http:\/\/sintema.org.br\/sintema\/wp-json\/wp\/v2\/posts"}],"about":[{"href":"http:\/\/sintema.org.br\/sintema\/wp-json\/wp\/v2\/types\/post"}],"author":[{"embeddable":true,"href":"http:\/\/sintema.org.br\/sintema\/wp-json\/wp\/v2\/users\/2"}],"replies":[{"embeddable":true,"href":"http:\/\/sintema.org.br\/sintema\/wp-json\/wp\/v2\/comments?post=5831"}],"version-history":[{"count":3,"href":"http:\/\/sintema.org.br\/sintema\/wp-json\/wp\/v2\/posts\/5831\/revisions"}],"predecessor-version":[{"id":5835,"href":"http:\/\/sintema.org.br\/sintema\/wp-json\/wp\/v2\/posts\/5831\/revisions\/5835"}],"wp:attachment":[{"href":"http:\/\/sintema.org.br\/sintema\/wp-json\/wp\/v2\/media?parent=5831"}],"wp:term":[{"taxonomy":"category","embeddable":true,"href":"http:\/\/sintema.org.br\/sintema\/wp-json\/wp\/v2\/categories?post=5831"},{"taxonomy":"post_tag","embeddable":true,"href":"http:\/\/sintema.org.br\/sintema\/wp-json\/wp\/v2\/tags?post=5831"}],"curies":[{"name":"wp","href":"https:\/\/api.w.org\/{rel}","templated":true}]}}