{"id":5836,"date":"2015-04-28T12:16:26","date_gmt":"2015-04-28T12:16:26","guid":{"rendered":"http:\/\/sintema.org.br\/sintema\/?p=5836"},"modified":"2015-04-28T12:16:26","modified_gmt":"2015-04-28T12:16:26","slug":"28-de-abril-dia-mundial-em-memoria-as-vitimas-de-acidentes-de-trabalho","status":"publish","type":"post","link":"http:\/\/sintema.org.br\/sintema\/28-de-abril-dia-mundial-em-memoria-as-vitimas-de-acidentes-de-trabalho\/","title":{"rendered":"28 de Abril \u2013 Dia Mundial em Mem\u00f3ria \u00e0s V\u00edtimas de Acidentes de Trabalho"},"content":{"rendered":"<p><strong>No dia 28 de abril, pessoas de todo o mundo celebram o \u201cDia Mundial em Mem\u00f3ria das V\u00edtimas de Acidentes e Doen\u00e7as do Trabalho\u201d. A data foi institu\u00edda por iniciativas de sindicatos canadenses e escolhida em raz\u00e3o de um acidente que matou 78 trabalhadores em uma mina no estado da Virg\u00ednia, nos Estados Unidos, em 1969. No Brasil, em maio de 2005, foi promulgada a Lei No. 11.121, criando o Dia Nacional em Mem\u00f3ria das V\u00edtimas de Acidentes e Doen\u00e7as do Trabalho.<\/strong><\/p>\n<p><a href=\"http:\/\/sintema.org.br\/sintema\/wp-content\/uploads\/2015\/04\/28vit.jpg\"><img loading=\"lazy\" class=\"alignnone  wp-image-5837\" alt=\"28vit\" src=\"http:\/\/sintema.org.br\/sintema\/wp-content\/uploads\/2015\/04\/28vit-913x1024.jpg\" width=\"384\" height=\"430\" srcset=\"http:\/\/sintema.org.br\/sintema\/wp-content\/uploads\/2015\/04\/28vit-913x1024.jpg 913w, http:\/\/sintema.org.br\/sintema\/wp-content\/uploads\/2015\/04\/28vit-267x300.jpg 267w, http:\/\/sintema.org.br\/sintema\/wp-content\/uploads\/2015\/04\/28vit.jpg 918w\" sizes=\"(max-width: 384px) 100vw, 384px\" \/><\/a><\/p>\n<p>A OIT, desde 2003, consagra a data \u00e0 reflex\u00e3o sobre a seguran\u00e7a e sa\u00fade do trabalhador.\u00a0 <em>A cada ano milh\u00f5es de trabalhadores se acidentam em todo o mundo e outras centenas de milhares morrem no exerc\u00edcio do trabalho.<\/p>\n<p>No Brasil, as estat\u00edsticas oficiais do Minist\u00e9rio da Previd\u00eancia mostram que por ano s\u00e3o registrados em m\u00e9dia, 500 mil casos de acidentes de trabalho, com 2 mil mortes e mais de 12 mil casos de trabalhadores que sofrem incapacidade permanente.<\/p>\n<p>Segundo estimativas da OIT, ocorrem anualmente no mundo, cerca de 270 milh\u00f5es de acidentes de trabalho, al\u00e9m de aproximadamente 160 milh\u00f5es de casos de doen\u00e7as ocupacionais. Essas ocorr\u00eancias chegam a comprometer 4% do PIB mundial. Cada acidente ou doen\u00e7a representa, em m\u00e9dia, a perda de quatro dias de trabalho. Dos trabalhadores mortos, 22 mil s\u00e3o crian\u00e7as, v\u00edtimas do trabalho infantil. Ainda segundo a OIT, todos os dias morrem, em m\u00e9dia, cinco mil trabalhadores devido a acidentes ou doen\u00e7as relacionadas ao trabalho.<\/p>\n<p>No Brasil, bilh\u00f5es s\u00e3o gastos todos os anos com recursos p\u00fablicos direcionado aos acidentes do trabalho. Em m\u00e9dia 60 milh\u00f5es de reais com assist\u00eancia m\u00e9dica, benef\u00edcios por incapacidade tempor\u00e1ria ou permanente, e pens\u00f5es por morte de trabalhadores v\u00edtimas das m\u00e1s condi\u00e7\u00f5es de trabalho.<\/em><\/p>\n<p><strong><span style=\"color: #339966;\">Faz parte da cadeia de sustentabilidade, o respeito e o cuidado com a sa\u00fade do trabalhador.<\/span><\/strong><br \/>\n<strong><span style=\"color: #339966;\">O capital HUMANO \u00e9 o maior VALOR que uma empresa pode ter.<\/span><\/strong><\/p>\n<p><strong><span style=\"color: #339966;\">Vamos fazer a nossa parte.<\/span><\/strong><\/p>\n<p><strong><span style=\"color: #339966;\">Prevenir \u00e9 muito melhor do que remediar!<\/span><\/strong><\/p>\n<p><em>Imprensa Sintema com os informa\u00e7\u00f5es das ag\u00eancias.<\/em><\/p>\n","protected":false},"excerpt":{"rendered":"<p>No dia 28 de abril, pessoas de todo o mundo celebram o \u201cDia Mundial em Mem\u00f3ria das V\u00edtimas de Acidentes e Doen\u00e7as do Trabalho\u201d. A data foi institu\u00edda por iniciativas de sindicatos canadenses e escolhida em raz\u00e3o de um acidente que matou 78 trabalhadores em uma mina no estado da Virg\u00ednia, nos Estados Unidos, em [&hellip;]<\/p>\n","protected":false},"author":2,"featured_media":0,"comment_status":"open","ping_status":"open","sticky":false,"template":"","format":"standard","meta":[],"categories":[5],"tags":[],"_links":{"self":[{"href":"http:\/\/sintema.org.br\/sintema\/wp-json\/wp\/v2\/posts\/5836"}],"collection":[{"href":"http:\/\/sintema.org.br\/sintema\/wp-json\/wp\/v2\/posts"}],"about":[{"href":"http:\/\/sintema.org.br\/sintema\/wp-json\/wp\/v2\/types\/post"}],"author":[{"embeddable":true,"href":"http:\/\/sintema.org.br\/sintema\/wp-json\/wp\/v2\/users\/2"}],"replies":[{"embeddable":true,"href":"http:\/\/sintema.org.br\/sintema\/wp-json\/wp\/v2\/comments?post=5836"}],"version-history":[{"count":2,"href":"http:\/\/sintema.org.br\/sintema\/wp-json\/wp\/v2\/posts\/5836\/revisions"}],"predecessor-version":[{"id":5839,"href":"http:\/\/sintema.org.br\/sintema\/wp-json\/wp\/v2\/posts\/5836\/revisions\/5839"}],"wp:attachment":[{"href":"http:\/\/sintema.org.br\/sintema\/wp-json\/wp\/v2\/media?parent=5836"}],"wp:term":[{"taxonomy":"category","embeddable":true,"href":"http:\/\/sintema.org.br\/sintema\/wp-json\/wp\/v2\/categories?post=5836"},{"taxonomy":"post_tag","embeddable":true,"href":"http:\/\/sintema.org.br\/sintema\/wp-json\/wp\/v2\/tags?post=5836"}],"curies":[{"name":"wp","href":"https:\/\/api.w.org\/{rel}","templated":true}]}}