{"id":5862,"date":"2015-05-03T22:39:03","date_gmt":"2015-05-03T22:39:03","guid":{"rendered":"http:\/\/sintema.org.br\/sintema\/?p=5862"},"modified":"2015-05-03T22:43:00","modified_gmt":"2015-05-03T22:43:00","slug":"ato-unificado-em-prol-da-educacao-publica-reune-entidades-na-ufma","status":"publish","type":"post","link":"http:\/\/sintema.org.br\/sintema\/ato-unificado-em-prol-da-educacao-publica-reune-entidades-na-ufma\/","title":{"rendered":"Ato Unificado em prol da Educa\u00e7\u00e3o P\u00fablica re\u00fane entidades na UFMA"},"content":{"rendered":"<p><a href=\"http:\/\/sintema.org.br\/sintema\/wp-content\/uploads\/2015\/05\/capa.jpg\"><img loading=\"lazy\" class=\"alignnone  wp-image-5864\" alt=\"capa\" src=\"http:\/\/sintema.org.br\/sintema\/wp-content\/uploads\/2015\/05\/capa.jpg\" width=\"474\" height=\"316\" srcset=\"http:\/\/sintema.org.br\/sintema\/wp-content\/uploads\/2015\/05\/capa.jpg 677w, http:\/\/sintema.org.br\/sintema\/wp-content\/uploads\/2015\/05\/capa-300x199.jpg 300w\" sizes=\"(max-width: 474px) 100vw, 474px\" \/><\/a><\/p>\n<p>A expressiva participa\u00e7\u00e3o das entidades representativas da UFMA foi ponto chave para o sucesso da mobiliza\u00e7\u00e3o unificada realizada dia 30 de abril, na entrada do campus do Bacanga.<\/p>\n[caption id=\"attachment_5865\" align=\"alignnone\" width=\"474\"]<a href=\"http:\/\/sintema.org.br\/sintema\/wp-content\/uploads\/2015\/05\/diretoressintema.jpg\"><img loading=\"lazy\" class=\" wp-image-5865 \" alt=\"Diretores do Sintema mobilizados aguardando in\u00edcio do Ato.\" src=\"http:\/\/sintema.org.br\/sintema\/wp-content\/uploads\/2015\/05\/diretoressintema.jpg\" width=\"474\" height=\"316\" srcset=\"http:\/\/sintema.org.br\/sintema\/wp-content\/uploads\/2015\/05\/diretoressintema.jpg 677w, http:\/\/sintema.org.br\/sintema\/wp-content\/uploads\/2015\/05\/diretoressintema-300x199.jpg 300w\" sizes=\"(max-width: 474px) 100vw, 474px\" \/><\/a> Diretores do Sintema mobilizados aguardando in\u00edcio do Ato.[\/caption]\n<p>&nbsp;<\/p>\n[caption id=\"attachment_5866\" align=\"alignnone\" width=\"474\"]<a href=\"http:\/\/sintema.org.br\/sintema\/wp-content\/uploads\/2015\/05\/mariano.jpg\"><img loading=\"lazy\" class=\" wp-image-5866  \" alt=\"Mariano Azevedo, presidente do Sintema, aborda motoristas na sa\u00edda do campus e entrega material unificado de divulga\u00e7\u00e3o.\" src=\"http:\/\/sintema.org.br\/sintema\/wp-content\/uploads\/2015\/05\/mariano.jpg\" width=\"474\" height=\"316\" srcset=\"http:\/\/sintema.org.br\/sintema\/wp-content\/uploads\/2015\/05\/mariano.jpg 677w, http:\/\/sintema.org.br\/sintema\/wp-content\/uploads\/2015\/05\/mariano-300x199.jpg 300w\" sizes=\"(max-width: 474px) 100vw, 474px\" \/><\/a> Mariano Azevedo, presidente do Sintema, aborda motoristas na sa\u00edda do campus e entrega material unificado de divulga\u00e7\u00e3o.[\/caption]\n[caption id=\"attachment_5871\" align=\"alignnone\" width=\"474\"]<a href=\"http:\/\/sintema.org.br\/sintema\/wp-content\/uploads\/2015\/05\/gracaferro.jpg\"><img loading=\"lazy\" class=\" wp-image-5871 \" alt=\"Gra\u00e7a Ferro participando do evento representando a AAUFMA.\" src=\"http:\/\/sintema.org.br\/sintema\/wp-content\/uploads\/2015\/05\/gracaferro.jpg\" width=\"474\" height=\"316\" srcset=\"http:\/\/sintema.org.br\/sintema\/wp-content\/uploads\/2015\/05\/gracaferro.jpg 677w, http:\/\/sintema.org.br\/sintema\/wp-content\/uploads\/2015\/05\/gracaferro-300x199.jpg 300w\" sizes=\"(max-width: 474px) 100vw, 474px\" \/><\/a> Gra\u00e7a Ferro participou do evento representando a AAUFMA.[\/caption]\n<p>&nbsp;<\/p>\n<p>SINTEMA, SINDUFMA (Sindicato dos Professores da UFMA), ASSUMA (Associa\u00e7\u00e3o dos Servidores da UFMA), AAUFMA (Associa\u00e7\u00e3o dos Amigos da UFMA), DCE (Diret\u00f3rio Central dos Estudantes da UFMA), Diret\u00f3rios e Centros Acad\u00eamicos da UFMA e, a Central dos Trabalhadores e Trabalhadoras do Brasil &#8211; CTB\/MA, fizeram ecoar o grito por mais qualidade na educa\u00e7\u00e3o p\u00fablica e contra o corte de verbas das universidades federais em todo o pa\u00eds.<\/p>\n<p>&nbsp;<\/p>\n[caption id=\"attachment_5867\" align=\"alignnone\" width=\"474\"]<a href=\"http:\/\/sintema.org.br\/sintema\/wp-content\/uploads\/2015\/05\/cristianocapovila.jpg\"><img loading=\"lazy\" class=\" wp-image-5867 \" alt=\"Professor Cristiano Capovilla discursa representando o SINDUFMA.\" src=\"http:\/\/sintema.org.br\/sintema\/wp-content\/uploads\/2015\/05\/cristianocapovila.jpg\" width=\"474\" height=\"316\" srcset=\"http:\/\/sintema.org.br\/sintema\/wp-content\/uploads\/2015\/05\/cristianocapovila.jpg 677w, http:\/\/sintema.org.br\/sintema\/wp-content\/uploads\/2015\/05\/cristianocapovila-300x199.jpg 300w\" sizes=\"(max-width: 474px) 100vw, 474px\" \/><\/a> Professor Cristiano Capovilla discursa representando o SINDUFMA.[\/caption]\n<p>&nbsp;<\/p>\n[caption id=\"attachment_5868\" align=\"alignnone\" width=\"474\"]<a href=\"http:\/\/sintema.org.br\/sintema\/wp-content\/uploads\/2015\/05\/gastaocorrea.jpg\"><img loading=\"lazy\" class=\" wp-image-5868 \" alt=\"Professor Gast\u00e3o Correia, pelo SINDUFMA, destaca a luta por uma educa\u00e7\u00e3o p\u00fablica, gratuita e de qualidade.\" src=\"http:\/\/sintema.org.br\/sintema\/wp-content\/uploads\/2015\/05\/gastaocorrea.jpg\" width=\"474\" height=\"316\" srcset=\"http:\/\/sintema.org.br\/sintema\/wp-content\/uploads\/2015\/05\/gastaocorrea.jpg 677w, http:\/\/sintema.org.br\/sintema\/wp-content\/uploads\/2015\/05\/gastaocorrea-300x199.jpg 300w\" sizes=\"(max-width: 474px) 100vw, 474px\" \/><\/a> Professor Gast\u00e3o Correia, pelo SINDUFMA, destaca a luta por uma educa\u00e7\u00e3o p\u00fablica, gratuita e de qualidade.[\/caption]\n<p>&nbsp;<\/p>\n<p>Al\u00e9m disso, os sindicalistas e ativistas presentes pediam a taxa\u00e7\u00e3o das grandes fortunas como forma de transfer\u00eancia de renda e aplica\u00e7\u00e3o dos recursos na educa\u00e7\u00e3o. Os estudantes por sua vez, muitos advindos dos Campi do interior, lutam por mais recursos para a assist\u00eancia estudantil e pela expans\u00e3o das resid\u00eancias universit\u00e1rias e do restaurante universit\u00e1rio para o interior do Estado.<\/p>\n<p>&nbsp;<\/p>\n[caption id=\"attachment_5869\" align=\"alignnone\" width=\"426\"]<a href=\"http:\/\/sintema.org.br\/sintema\/wp-content\/uploads\/2015\/05\/dce.jpg\"><img loading=\"lazy\" class=\" wp-image-5869 \" alt=\"Lideran\u00e7a do DCE\/UFMA destaca a import\u00e2ncia da aten\u00e7\u00e3o \u00e0 assist\u00eancia estudantil.\" src=\"http:\/\/sintema.org.br\/sintema\/wp-content\/uploads\/2015\/05\/dce.jpg\" width=\"426\" height=\"284\" srcset=\"http:\/\/sintema.org.br\/sintema\/wp-content\/uploads\/2015\/05\/dce.jpg 609w, http:\/\/sintema.org.br\/sintema\/wp-content\/uploads\/2015\/05\/dce-300x200.jpg 300w\" sizes=\"(max-width: 426px) 100vw, 426px\" \/><\/a> Lideran\u00e7a do DCE\/UFMA destaca a import\u00e2ncia da aten\u00e7\u00e3o \u00e0 assist\u00eancia estudantil.[\/caption]\n<p>&nbsp;<\/p>\n[caption id=\"attachment_5873\" align=\"alignnone\" width=\"448\"]<a href=\"http:\/\/sintema.org.br\/sintema\/wp-content\/uploads\/2015\/05\/cartazes.jpg\"><img loading=\"lazy\" class=\" wp-image-5873 \" alt=\"Com cartazes, estudantes se organizam para o in\u00edcio do movimento.\" src=\"http:\/\/sintema.org.br\/sintema\/wp-content\/uploads\/2015\/05\/cartazes-1024x554.jpg\" width=\"448\" height=\"242\" srcset=\"http:\/\/sintema.org.br\/sintema\/wp-content\/uploads\/2015\/05\/cartazes-1024x554.jpg 1024w, http:\/\/sintema.org.br\/sintema\/wp-content\/uploads\/2015\/05\/cartazes-300x162.jpg 300w, http:\/\/sintema.org.br\/sintema\/wp-content\/uploads\/2015\/05\/cartazes.jpg 1645w\" sizes=\"(max-width: 448px) 100vw, 448px\" \/><\/a> Com cartazes, estudantes se organizam para o in\u00edcio do movimento.[\/caption]\n<p>&nbsp;<\/p>\n[caption id=\"attachment_5870\" align=\"alignnone\" width=\"474\"]<a href=\"http:\/\/sintema.org.br\/sintema\/wp-content\/uploads\/2015\/05\/dce01.jpg\"><img loading=\"lazy\" class=\" wp-image-5870 \" alt=\"Lideran\u00e7a do DCE\/UFMA enfatiza a import\u00e2ncia da luta unificada em defesa das universidades e dos estudantes. \" src=\"http:\/\/sintema.org.br\/sintema\/wp-content\/uploads\/2015\/05\/dce01.jpg\" width=\"474\" height=\"316\" srcset=\"http:\/\/sintema.org.br\/sintema\/wp-content\/uploads\/2015\/05\/dce01.jpg 677w, http:\/\/sintema.org.br\/sintema\/wp-content\/uploads\/2015\/05\/dce01-300x199.jpg 300w\" sizes=\"(max-width: 474px) 100vw, 474px\" \/><\/a> Lideran\u00e7a do DCE\/UFMA enfatiza a import\u00e2ncia da luta unificada em defesa das universidades e dos estudantes.[\/caption]\n<p>&nbsp;<\/p>\n<p>Segundo os organizadores, outros Atos ser\u00e3o realizados unificadamente com o intuito de fortalecer bandeiras comuns do movimento social.<\/p>\n[caption id=\"attachment_5872\" align=\"alignnone\" width=\"474\"]<a href=\"http:\/\/sintema.org.br\/sintema\/wp-content\/uploads\/2015\/05\/ctbmafaixa.jpg\"><img loading=\"lazy\" class=\" wp-image-5872 \" alt=\"CTB\/MA marcou presen\u00e7a no Ato apoiando a luta dos trabalhadores e estudantes da UFMA, e refor\u00e7ando a luta contra o PL 4330 e, pela taxa\u00e7\u00e3o das grandes fortunas.\" src=\"http:\/\/sintema.org.br\/sintema\/wp-content\/uploads\/2015\/05\/ctbmafaixa.jpg\" width=\"474\" height=\"316\" srcset=\"http:\/\/sintema.org.br\/sintema\/wp-content\/uploads\/2015\/05\/ctbmafaixa.jpg 677w, http:\/\/sintema.org.br\/sintema\/wp-content\/uploads\/2015\/05\/ctbmafaixa-300x199.jpg 300w\" sizes=\"(max-width: 474px) 100vw, 474px\" \/><\/a> CTB\/MA marcou presen\u00e7a no Ato apoiando a luta dos trabalhadores e estudantes da UFMA. Refor\u00e7ou o coro na luta contra o PL 4330 e pela taxa\u00e7\u00e3o das grandes fortunas.[\/caption]\n<p>&nbsp;<\/p>\n<p>&nbsp;<\/p>\n<p>Confira o conte\u00fado do material unificado divulgado no evento:<\/p>\n<p>&nbsp;<\/p>\n<p><strong>Dia Nacional de Mobiliza\u00e7\u00e3o pela Educa\u00e7\u00e3o P\u00fablica<\/strong><\/p>\n<p><span style=\"color: #008000;\"><em>Dia 30 de abril \u00e9 o Dia de Mobiliza\u00e7\u00e3o pela Educa\u00e7\u00e3o P\u00fablica. Neste momento, as entidades representativas da UFMA se unem para ecoar o grito por qualidade na Educa\u00e7\u00e3o.<\/em><\/span><\/p>\n<p><span style=\"color: #008000;\"><em>\u00a0O Ensino, Pesquisa e Extens\u00e3o, trip\u00e9 fundamental e indissoci\u00e1vel das universidades \u00e9 sem d\u00favida fator para a forma\u00e7\u00e3o de bons profissionais e pesquisadores, produ\u00e7\u00e3o e desenvolvimento da ci\u00eancia e, por fim, do alcance universit\u00e1rio junto \u00e0 sociedade.<\/em><\/span><\/p>\n<p><span style=\"color: #008000;\"><em>Entretanto, a falta de reconhecimento dos profissionais (Professores e Trabalhadores em Educa\u00e7\u00e3o) que s\u00e3o partes essenciais de todo o processo de desenvolvimento deste trip\u00e9, somado \u00e0 falta de amplia\u00e7\u00e3o nos recursos financeiros para aprimoramento de programas j\u00e1 existentes na universidade, engessam de forma significativa qualquer avan\u00e7o mais ousado na melhoria da educa\u00e7\u00e3o p\u00fablica, afetando diretamente os agentes sociais da mudan\u00e7a (Discentes e Sociedade em Geral).<\/em><\/span><\/p>\n<p><span style=\"color: #008000;\"><em>A presidente da Rep\u00fablica, Dilma Roussef, cognominou o Brasil de \u201cP\u00e1tria Educadora\u201d. No entanto, cortou milh\u00f5es de reais das universidades federais. A UFMA perdeu milh\u00f5es de reais desde o in\u00edcio de 2015. Esse ato afeta diretamente programas como assist\u00eancia estudantil, a amplia\u00e7\u00e3o e manuten\u00e7\u00e3o do restaurante universit\u00e1rio, o pagamento das bolsas de pesquisa, os programas de extens\u00e3o.<\/em><\/span><\/p>\n<p><strong>EDUCA\u00c7\u00c3O N\u00c3O \u00c9 CUSTO! EDUCA\u00c7\u00c3O \u00c9 INVESTIMENTO!<\/strong><\/p>\n<p><span style=\"color: #0000ff;\">Dessa forma, nos posicionamos CONTRA:<\/span><br \/>\n<span style=\"color: #0000ff;\">&#8211; QUAISQUER cortes na Educa\u00e7\u00e3o P\u00fablica!<\/span><br \/>\n<span style=\"color: #0000ff;\">-O PL 4330, que precariza as rela\u00e7\u00f5es de trabalho pela TERCERIZA\u00c7\u00c3O!<\/span><br \/>\n<span style=\"color: #0000ff;\">&#8211; As medidas fiscais impostas em 2015 que oneram a classe trabalhadora!<\/span><\/p>\n<p><span style=\"color: #0000ff;\">Somos A FAVOR:<\/span><br \/>\n<span style=\"color: #0000ff;\">&#8211; Da taxa\u00e7\u00e3o das grandes fortunas!<\/span><br \/>\n<span style=\"color: #0000ff;\">&#8211; De resid\u00eancias universit\u00e1rias em todos os campi da UFMA!<\/span><br \/>\n<span style=\"color: #0000ff;\">&#8211; De restaurantes universit\u00e1rios em todos os campi da UFMA!<\/span><br \/>\n<span style=\"color: #0000ff;\">&#8211; Da reforma pol\u00edtica, progressista e democr\u00e1tica!<\/span><\/p>\n<p>&nbsp;<\/p>\n<p><em>Texto e imagens por Imprensa Sintema.<\/em><\/p>\n<p>&nbsp;<\/p>\n<p>&nbsp;<\/p>\n","protected":false},"excerpt":{"rendered":"<p>A expressiva participa\u00e7\u00e3o das entidades representativas da UFMA foi ponto chave para o sucesso da mobiliza\u00e7\u00e3o unificada realizada dia 30 de abril, na entrada do campus do Bacanga. &nbsp; &nbsp; SINTEMA, SINDUFMA (Sindicato dos Professores da UFMA), ASSUMA (Associa\u00e7\u00e3o dos Servidores da UFMA), AAUFMA (Associa\u00e7\u00e3o dos Amigos da UFMA), DCE (Diret\u00f3rio Central dos Estudantes da [&hellip;]<\/p>\n","protected":false},"author":2,"featured_media":0,"comment_status":"open","ping_status":"open","sticky":false,"template":"","format":"standard","meta":[],"categories":[12,5],"tags":[],"_links":{"self":[{"href":"http:\/\/sintema.org.br\/sintema\/wp-json\/wp\/v2\/posts\/5862"}],"collection":[{"href":"http:\/\/sintema.org.br\/sintema\/wp-json\/wp\/v2\/posts"}],"about":[{"href":"http:\/\/sintema.org.br\/sintema\/wp-json\/wp\/v2\/types\/post"}],"author":[{"embeddable":true,"href":"http:\/\/sintema.org.br\/sintema\/wp-json\/wp\/v2\/users\/2"}],"replies":[{"embeddable":true,"href":"http:\/\/sintema.org.br\/sintema\/wp-json\/wp\/v2\/comments?post=5862"}],"version-history":[{"count":3,"href":"http:\/\/sintema.org.br\/sintema\/wp-json\/wp\/v2\/posts\/5862\/revisions"}],"predecessor-version":[{"id":5875,"href":"http:\/\/sintema.org.br\/sintema\/wp-json\/wp\/v2\/posts\/5862\/revisions\/5875"}],"wp:attachment":[{"href":"http:\/\/sintema.org.br\/sintema\/wp-json\/wp\/v2\/media?parent=5862"}],"wp:term":[{"taxonomy":"category","embeddable":true,"href":"http:\/\/sintema.org.br\/sintema\/wp-json\/wp\/v2\/categories?post=5862"},{"taxonomy":"post_tag","embeddable":true,"href":"http:\/\/sintema.org.br\/sintema\/wp-json\/wp\/v2\/tags?post=5862"}],"curies":[{"name":"wp","href":"https:\/\/api.w.org\/{rel}","templated":true}]}}