{"id":5877,"date":"2015-05-04T18:57:03","date_gmt":"2015-05-04T18:57:03","guid":{"rendered":"http:\/\/sintema.org.br\/sintema\/?p=5877"},"modified":"2015-05-04T18:57:03","modified_gmt":"2015-05-04T18:57:03","slug":"xxii-confasubra-comeca-hoje-04","status":"publish","type":"post","link":"http:\/\/sintema.org.br\/sintema\/xxii-confasubra-comeca-hoje-04\/","title":{"rendered":"XXII CONFASUBRA come\u00e7a hoje (04)"},"content":{"rendered":"<p><a href=\"http:\/\/sintema.org.br\/sintema\/wp-content\/uploads\/2015\/03\/Cartaz-XXII-CONFASUBRA-1.jpg\"><img loading=\"lazy\" class=\"alignnone  wp-image-5757\" alt=\"Cartaz - XXII CONFASUBRA (1)\" src=\"http:\/\/sintema.org.br\/sintema\/wp-content\/uploads\/2015\/03\/Cartaz-XXII-CONFASUBRA-1.jpg\" width=\"287\" height=\"380\" \/><\/a><\/p>\n<p>O XXII Confasubra come\u00e7a hoje (04) na cidade de Po\u00e7os de Caldas (MG). O Congresso \u00e9 o maior e mais importante espa\u00e7o de discuss\u00e3o e delibera\u00e7\u00e3o dos T\u00e9cnico-administrativos em Educa\u00e7\u00e3o das universidades p\u00fablicas brasileiras.<\/p>\n<p>Os Delegados representando o o SINTEMA e a categoria em \u00e2mbito local j\u00e1 est\u00e3o participando das atividades do CONFASUBRA. Eles foram eleitos em assembleia geral realizada no dia 08 de abril no hall do Castel\u00e3o. <a title=\"Delegados s\u00e3o eleitos\" href=\"http:\/\/sintema.org.br\/sintema\/?p=5780\" target=\"_blank\">Releia aqui!<\/a><\/p>\n[caption id=\"attachment_5795\" align=\"alignnone\" width=\"379\"]<a href=\"http:\/\/sintema.org.br\/sintema\/wp-content\/uploads\/2015\/04\/apuracao.jpg\"><img loading=\"lazy\" class=\" wp-image-5795 \" alt=\"Apura\u00e7\u00e3o com a presen\u00e7a dos representantes das tr\u00eas chapas.\" src=\"http:\/\/sintema.org.br\/sintema\/wp-content\/uploads\/2015\/04\/apuracao.jpg\" width=\"379\" height=\"253\" srcset=\"http:\/\/sintema.org.br\/sintema\/wp-content\/uploads\/2015\/04\/apuracao.jpg 632w, http:\/\/sintema.org.br\/sintema\/wp-content\/uploads\/2015\/04\/apuracao-300x200.jpg 300w\" sizes=\"(max-width: 379px) 100vw, 379px\" \/><\/a> Apura\u00e7\u00e3o com a presen\u00e7a dos representantes das tr\u00eas chapas.[\/caption]\n<p>Os Delegados representando os trabalhadores em educa\u00e7\u00e3o da UFMA que est\u00e3o no XXII CONFASUBRA, s\u00e3o:<\/p>\n<table width=\"699\" border=\"1\" cellspacing=\"0\" cellpadding=\"0\">\n<tbody>\n<tr>\n<td valign=\"top\" width=\"350\"><b>ADEMAR SENA CARVALHO<\/b><\/td>\n<\/tr>\n<tr>\n<td valign=\"top\" width=\"350\"><b>DINORA DE JESUS AZEVEDO LAVRA<\/b><\/td>\n<\/tr>\n<tr>\n<td valign=\"top\" width=\"350\"><b>GETULIO BEZERRA<\/b><\/td>\n<\/tr>\n<tr>\n<td valign=\"top\" width=\"350\"><b>HERBETH DA SILVA SANTOS<\/b><\/td>\n<\/tr>\n<tr>\n<td valign=\"top\" width=\"350\"><b>JO\u00c3O BATISTA JANSEN<\/b><\/td>\n<\/tr>\n<tr>\n<td valign=\"top\" width=\"350\"><b>JOS\u00c9 RODRIGUES FERREIRA FILHO<\/b><\/td>\n<\/tr>\n<tr>\n<td valign=\"top\" width=\"350\"><b>MARIA CELIA PEREIRA SEGADILHA<\/b><\/td>\n<\/tr>\n<tr>\n<td valign=\"top\" width=\"350\"><b>MARIA CLARA DE SOUSA\u00a0\u00a0\u00a0\u00a0\u00a0\u00a0\u00a0\u00a0\u00a0\u00a0\u00a0\u00a0\u00a0\u00a0\u00a0\u00a0\u00a0\u00a0\u00a0\u00a0\u00a0\u00a0\u00a0\u00a0\u00a0\u00a0\u00a0\u00a0\u00a0\u00a0\u00a0\u00a0 <\/b><\/td>\n<\/tr>\n<tr>\n<td valign=\"top\" width=\"350\"><b>MARY LOURDES MUNIZ F. CANTANHEDE<\/b><\/td>\n<\/tr>\n<tr>\n<td valign=\"top\" width=\"350\"><b>MIGUEL DE MORAES BARBOSA<\/b><\/td>\n<\/tr>\n<tr>\n<td valign=\"top\" width=\"350\"><b>NELCI ROSA MORAES<\/b><\/td>\n<\/tr>\n<tr>\n<td valign=\"top\" width=\"350\"><b>PAULO SERGIO ALVES CARDOSO<\/b><\/td>\n<\/tr>\n<tr>\n<td valign=\"top\" width=\"350\"><b>PAULO DE TASSO ALVES MARTINS\u00a0\u00a0\u00a0\u00a0\u00a0\u00a0\u00a0\u00a0\u00a0\u00a0\u00a0 <\/b><\/td>\n<\/tr>\n<tr>\n<td valign=\"top\" width=\"350\"><b>RAIMUNDO CAMPOS CASTRO JUNIOR<\/b><\/td>\n<\/tr>\n<tr>\n<td valign=\"top\" width=\"350\"><b>SONIA MARIA BALDEZ <\/b><\/td>\n<\/tr>\n<tr>\n<td valign=\"top\" width=\"350\"><b>VALMILI ARA\u00daJO NINA\u00a0\u00a0\u00a0\u00a0 <\/b><\/td>\n<\/tr>\n<\/tbody>\n<\/table>\n","protected":false},"excerpt":{"rendered":"<p>O XXII Confasubra come\u00e7a hoje (04) na cidade de Po\u00e7os de Caldas (MG). O Congresso \u00e9 o maior e mais importante espa\u00e7o de discuss\u00e3o e delibera\u00e7\u00e3o dos T\u00e9cnico-administrativos em Educa\u00e7\u00e3o das universidades p\u00fablicas brasileiras. Os Delegados representando o o SINTEMA e a categoria em \u00e2mbito local j\u00e1 est\u00e3o participando das atividades do CONFASUBRA. Eles foram [&hellip;]<\/p>\n","protected":false},"author":2,"featured_media":0,"comment_status":"open","ping_status":"open","sticky":false,"template":"","format":"standard","meta":[],"categories":[5,18],"tags":[],"_links":{"self":[{"href":"http:\/\/sintema.org.br\/sintema\/wp-json\/wp\/v2\/posts\/5877"}],"collection":[{"href":"http:\/\/sintema.org.br\/sintema\/wp-json\/wp\/v2\/posts"}],"about":[{"href":"http:\/\/sintema.org.br\/sintema\/wp-json\/wp\/v2\/types\/post"}],"author":[{"embeddable":true,"href":"http:\/\/sintema.org.br\/sintema\/wp-json\/wp\/v2\/users\/2"}],"replies":[{"embeddable":true,"href":"http:\/\/sintema.org.br\/sintema\/wp-json\/wp\/v2\/comments?post=5877"}],"version-history":[{"count":1,"href":"http:\/\/sintema.org.br\/sintema\/wp-json\/wp\/v2\/posts\/5877\/revisions"}],"predecessor-version":[{"id":5878,"href":"http:\/\/sintema.org.br\/sintema\/wp-json\/wp\/v2\/posts\/5877\/revisions\/5878"}],"wp:attachment":[{"href":"http:\/\/sintema.org.br\/sintema\/wp-json\/wp\/v2\/media?parent=5877"}],"wp:term":[{"taxonomy":"category","embeddable":true,"href":"http:\/\/sintema.org.br\/sintema\/wp-json\/wp\/v2\/categories?post=5877"},{"taxonomy":"post_tag","embeddable":true,"href":"http:\/\/sintema.org.br\/sintema\/wp-json\/wp\/v2\/tags?post=5877"}],"curies":[{"name":"wp","href":"https:\/\/api.w.org\/{rel}","templated":true}]}}