{"id":6760,"date":"2015-10-26T17:23:15","date_gmt":"2015-10-26T17:23:15","guid":{"rendered":"http:\/\/sintema.org.br\/sintema\/?p=6760"},"modified":"2015-10-26T17:23:15","modified_gmt":"2015-10-26T17:23:15","slug":"nao-havera-expediente-no-sintema-dias-29-e-30-de-outubro","status":"publish","type":"post","link":"http:\/\/sintema.org.br\/sintema\/nao-havera-expediente-no-sintema-dias-29-e-30-de-outubro\/","title":{"rendered":"N\u00e3o haver\u00e1 expediente no Sintema dias 29 e 30 de outubro"},"content":{"rendered":"<p><a href=\"http:\/\/sintema.org.br\/sintema\/wp-content\/uploads\/2015\/10\/COMUNICADO.jpg\"><img loading=\"lazy\" class=\"alignnone size-full wp-image-6762\" alt=\"COMUNICADO\" src=\"http:\/\/sintema.org.br\/sintema\/wp-content\/uploads\/2015\/10\/COMUNICADO.jpg\" width=\"300\" height=\"225\" \/><\/a><\/p>\n<p>A Dire\u00e7\u00e3o do Sintema comunica aos associados, trabalhadores e p\u00fablico em geral que, nos dias 29 e 30 de outubro de 2015, n\u00e3o haver\u00e1 expediente na sede do sindicato, em virtude:<\/p>\n<p>DIA 29\/10\/2015 &#8211; Haver\u00e1 interrup\u00e7\u00e3o no fornecimento de energia el\u00e9trica no bairro do monte castelo;<\/p>\n<p><a href=\"http:\/\/sintema.org.br\/sintema\/wp-content\/uploads\/2015\/10\/avisocemar.jpg\"><img loading=\"lazy\" class=\"alignnone  wp-image-6761\" alt=\"avisocemar\" src=\"http:\/\/sintema.org.br\/sintema\/wp-content\/uploads\/2015\/10\/avisocemar.jpg\" width=\"463\" height=\"227\" srcset=\"http:\/\/sintema.org.br\/sintema\/wp-content\/uploads\/2015\/10\/avisocemar.jpg 827w, http:\/\/sintema.org.br\/sintema\/wp-content\/uploads\/2015\/10\/avisocemar-300x147.jpg 300w\" sizes=\"(max-width: 463px) 100vw, 463px\" \/><\/a><\/p>\n<p>DIA 30\/10\/2015 &#8211; O Sintema acompanhar\u00e1 a UFMA na mudan\u00e7a do feriado do dia 28 de outubro (Dia do Servidor P\u00fablico), para o dia 30, ou seja, sexta-feira.<\/p>\n<p>&nbsp;<\/p>\n<p>Informamos ainda, que na ter\u00e7a-feira, dia 03 de novembro, o expediente ser\u00e1 retomado normalmente.<\/p>\n<p>&nbsp;<\/p>\n<p>A DIRETORIA.<\/p>\n","protected":false},"excerpt":{"rendered":"<p>A Dire\u00e7\u00e3o do Sintema comunica aos associados, trabalhadores e p\u00fablico em geral que, nos dias 29 e 30 de outubro de 2015, n\u00e3o haver\u00e1 expediente na sede do sindicato, em virtude: DIA 29\/10\/2015 &#8211; Haver\u00e1 interrup\u00e7\u00e3o no fornecimento de energia el\u00e9trica no bairro do monte castelo; DIA 30\/10\/2015 &#8211; O Sintema acompanhar\u00e1 a UFMA na [&hellip;]<\/p>\n","protected":false},"author":2,"featured_media":0,"comment_status":"open","ping_status":"open","sticky":false,"template":"","format":"standard","meta":[],"categories":[12,5],"tags":[],"_links":{"self":[{"href":"http:\/\/sintema.org.br\/sintema\/wp-json\/wp\/v2\/posts\/6760"}],"collection":[{"href":"http:\/\/sintema.org.br\/sintema\/wp-json\/wp\/v2\/posts"}],"about":[{"href":"http:\/\/sintema.org.br\/sintema\/wp-json\/wp\/v2\/types\/post"}],"author":[{"embeddable":true,"href":"http:\/\/sintema.org.br\/sintema\/wp-json\/wp\/v2\/users\/2"}],"replies":[{"embeddable":true,"href":"http:\/\/sintema.org.br\/sintema\/wp-json\/wp\/v2\/comments?post=6760"}],"version-history":[{"count":1,"href":"http:\/\/sintema.org.br\/sintema\/wp-json\/wp\/v2\/posts\/6760\/revisions"}],"predecessor-version":[{"id":6763,"href":"http:\/\/sintema.org.br\/sintema\/wp-json\/wp\/v2\/posts\/6760\/revisions\/6763"}],"wp:attachment":[{"href":"http:\/\/sintema.org.br\/sintema\/wp-json\/wp\/v2\/media?parent=6760"}],"wp:term":[{"taxonomy":"category","embeddable":true,"href":"http:\/\/sintema.org.br\/sintema\/wp-json\/wp\/v2\/categories?post=6760"},{"taxonomy":"post_tag","embeddable":true,"href":"http:\/\/sintema.org.br\/sintema\/wp-json\/wp\/v2\/tags?post=6760"}],"curies":[{"name":"wp","href":"https:\/\/api.w.org\/{rel}","templated":true}]}}