{"id":6772,"date":"2015-10-29T13:25:51","date_gmt":"2015-10-29T13:25:51","guid":{"rendered":"http:\/\/sintema.org.br\/sintema\/?p=6772"},"modified":"2015-10-29T13:25:51","modified_gmt":"2015-10-29T13:25:51","slug":"ministerios-da-educacao-e-planejamento-iniciam-discussoes-sobre-aprimoramento-da-carreira","status":"publish","type":"post","link":"http:\/\/sintema.org.br\/sintema\/ministerios-da-educacao-e-planejamento-iniciam-discussoes-sobre-aprimoramento-da-carreira\/","title":{"rendered":"Minist\u00e9rios da Educa\u00e7\u00e3o e Planejamento iniciam discuss\u00f5es sobre aprimoramento da carreira"},"content":{"rendered":"<p><a href=\"http:\/\/sintema.org.br\/sintema\/wp-content\/uploads\/2015\/10\/Reunio-Aprimoramento-da-Carreira-3.jpg\"><img loading=\"lazy\" class=\"alignnone  wp-image-6773\" alt=\"Reunio Aprimoramento da Carreira  3\" src=\"http:\/\/sintema.org.br\/sintema\/wp-content\/uploads\/2015\/10\/Reunio-Aprimoramento-da-Carreira-3.jpg\" width=\"529\" height=\"313\" srcset=\"http:\/\/sintema.org.br\/sintema\/wp-content\/uploads\/2015\/10\/Reunio-Aprimoramento-da-Carreira-3.jpg 882w, http:\/\/sintema.org.br\/sintema\/wp-content\/uploads\/2015\/10\/Reunio-Aprimoramento-da-Carreira-3-300x177.jpg 300w\" sizes=\"(max-width: 529px) 100vw, 529px\" \/><\/a><\/p>\n<p>&nbsp;<\/p>\n<p align=\"center\"><i>Em cumprimento ao acordo assinado durante a greve, reuni\u00e3o define pr\u00f3ximos passos para discuss\u00e3o das cl\u00e1usulas<\/i><\/p>\n<p>&nbsp;<\/p>\n<p>Por Luciana Castro<\/p>\n<p>&nbsp;<\/p>\n<p>Na manh\u00e3 desta ter\u00e7a-feira, 27, a FASUBRA Sindical se reuniu com representantes da Secretaria de Educa\u00e7\u00e3o Superior (SESu) no Minist\u00e9rio da Educa\u00e7\u00e3o (MEC),\u00a0para iniciar as discuss\u00f5es sobre o aprimoramento da carreira que contempla pontos do acordo assinado no final da greve. Participaram do evento as seguintes entidades e representa\u00e7\u00f5es:\u00a0Sindicato Nacional dos Servidores Federais da Educa\u00e7\u00e3o B\u00e1sica, Profissional e Tecnol\u00f3gica (Sinasefe),\u00a0Conselho Nacional das Institui\u00e7\u00f5es da Rede Federal de Educa\u00e7\u00e3o Profissional, Cient\u00edfica e Tecnol\u00f3gica\u00a0(CONIF),\u00a0Associa\u00e7\u00e3o Nacional dos Dirigentes das Institui\u00e7\u00f5es Federais de Ensino Superior\u00a0(Andifes\/Forgepe), a\u00a0Coordena\u00e7\u00e3o-Geral de Gest\u00e3o de Pessoas (CCGP) e a\u00a0Secretaria de Educa\u00e7\u00e3o Profissional e Tecnol\u00f3gica (SEPT) do MEC\u00a0e Secretaria de Rela\u00e7\u00f5es de Trabalho Minist\u00e9rio do Planejamento, Or\u00e7amento e Gest\u00e3o (MPOG\/ SRT).<\/p>\n<p>&nbsp;<\/p>\n<p>Inicialmente foram analisados os itens da cl\u00e1usula 7\u00aa, do Termo de Acordo n\u00ba 05\/2015, assinado no m\u00eas de outubro, ao final da greve. A pauta de discuss\u00f5es contempla:<\/p>\n<ul>\n<li>Aprimoramento da Carreira;<\/li>\n<li>Atualiza\u00e7\u00e3o dos requisitos de ingresso;<\/li>\n<li>Racionaliza\u00e7\u00e3o de cargos (unifica\u00e7\u00e3o, cria\u00e7\u00e3o e extin\u00e7\u00e3o de cargos).<\/li>\n<\/ul>\n<p>&nbsp;<\/p>\n<p>A Coordena\u00e7\u00e3o-Geral de Gest\u00e3o de Pessoas (CCGP) e a\u00a0Secretaria de Educa\u00e7\u00e3o Profissional e Tecnol\u00f3gica (SEPT) do MEC tamb\u00e9m participar\u00e3o das discuss\u00f5es. Nesta reuni\u00e3o foi definido que a FASUBRA instituir\u00e1 uma comiss\u00e3o com sete integrantes e a metodologia de trabalho.\u00a0O prazo para encerramento das discuss\u00f5es e apresenta\u00e7\u00e3o das resolu\u00e7\u00f5es ser\u00e1 em maio de 2016.<\/p>\n<p>&nbsp;<\/p>\n<p>No dia 26 de novembro, acontece a primeira reuni\u00e3o t\u00e9cnica, em que a FASUBRA realizar\u00e1 uma apresenta\u00e7\u00e3o com quest\u00f5es acumuladas sobre a carreira. Tamb\u00e9m ser\u00e1 estabelecido o cronograma que atenda o prazo determinado. Para a SESu, \u201cat\u00e9 consolidar essas discuss\u00f5es, n\u00e3o ser\u00e1 simples, \u00e9 um tema denso para discutir\u201d, referindo ao prazo, e em sugest\u00e3o comentou a possibilidade de otimizar o debate por v\u00eddeo confer\u00eancia.<\/p>\n<p>&nbsp;<\/p>\n<p>A cl\u00e1usula 6\u00aa do Termo de Acordo que trata da reabertura de prazo para ades\u00e3o ao PCCTAE, extens\u00e3o do artigo 30 da Lei 12.772\/2012, aproveitamento das disciplinas de gradua\u00e7\u00e3o e p\u00f3s-gradua\u00e7\u00e3o para pleitear a progress\u00e3o por capacita\u00e7\u00e3o para todos os n\u00edveis de classifica\u00e7\u00e3o, afastamento para capacita\u00e7\u00e3o e qualifica\u00e7\u00e3o e a revis\u00e3o das condi\u00e7\u00f5es para concess\u00e3o dos adicionais de insalubridade e periculosidade na Orienta\u00e7\u00e3o Normativa n\u00ba 06\/SEGEP\/MP, que tramitam no MPOG, tamb\u00e9m foi questionada pela federa\u00e7\u00e3o, com vistas a monitoramento e an\u00e1lise de possibilidade de antecipa\u00e7\u00e3o. De acordo com o MEC, Assim que houver resolu\u00e7\u00f5es, podem ser publicadas antes do prazo de 180 dias.<\/p>\n<p>&nbsp;<\/p>\n<p>A FASUBRA pontuou a Cl\u00e1usula 8\u00aa\u00a0que trata do reconhecimento de t\u00edtulos de mestrado e doutorado obtidos fora do pa\u00eds e o MEC comprometeu-se a encaminhar of\u00edcio de orienta\u00e7\u00e3o \u00e0s Institui\u00e7\u00f5es de Ensino.<\/p>\n<p>&nbsp;<\/p>\n<p>Quanto \u00e0 clausula 10\u00aa, que trata dos editais para as 2000 vagas de gradua\u00e7\u00e3o e 2000 vagas de especializa\u00e7\u00e3o para os integrantes do PCCTAE, segundo a SESU, os editais de especializa\u00e7\u00e3o e gradua\u00e7\u00e3o foram avaliados na Comiss\u00e3o Nacional de Supervis\u00e3o da Carreira (CNSC) e encaminhados \u00e0Coordena\u00e7\u00e3o de Aperfei\u00e7oamento de Pessoal de N\u00edvel Superior (CAPES). \u201cDependemos da publica\u00e7\u00e3o do edital pela CAPES\u201d, afirmou Dulce (SESu), considerando que os prazos ser\u00e3o atendidos.<\/p>\n<p>Dia 11 de novembro, acontece a reuni\u00e3o para discutir a democratiza\u00e7\u00e3o nas Institui\u00e7\u00f5es Federais de Ensino Superior (IFES) e construir o semin\u00e1rio sobre ass\u00e9dio moral. Na oportunidade a Fasubra apontou para resgatar a\u00e7\u00f5es discutidas em grupos de trabalho realizados em 2012. A SESu prop\u00f4s a apresenta\u00e7\u00e3o de painel sobre as discuss\u00f5es que j\u00e1 foram realizadas.<\/p>\n<p>&nbsp;<\/p>\n<p>Na ocasi\u00e3o a federa\u00e7\u00e3o fez observa\u00e7\u00f5es sobre a cl\u00e1usula 13\u00aa do Termo de Acordo que trata da pauta dos servidores cedidos \u00e0 Empresa Brasileira de Servi\u00e7os Hospitalares (EBSERH). A SESu afirmou que ser\u00e1 agendada uma reuni\u00e3o provavelmente para o dia 15 de dezembro (a confirmar), entre FASUBRA, MEC e EBSERH. A FASUBRA encaminhar\u00e1 a pauta de reivindica\u00e7\u00f5es que trata sobre o tema, a ser definida em suas inst\u00e2ncias.<\/p>\n<p>Fonte: Fasubra.<\/p>\n","protected":false},"excerpt":{"rendered":"<p>&nbsp; Em cumprimento ao acordo assinado durante a greve, reuni\u00e3o define pr\u00f3ximos passos para discuss\u00e3o das cl\u00e1usulas &nbsp; Por Luciana Castro &nbsp; Na manh\u00e3 desta ter\u00e7a-feira, 27, a FASUBRA Sindical se reuniu com representantes da Secretaria de Educa\u00e7\u00e3o Superior (SESu) no Minist\u00e9rio da Educa\u00e7\u00e3o (MEC),\u00a0para iniciar as discuss\u00f5es sobre o aprimoramento da carreira que contempla [&hellip;]<\/p>\n","protected":false},"author":2,"featured_media":0,"comment_status":"open","ping_status":"open","sticky":false,"template":"","format":"standard","meta":[],"categories":[5,18],"tags":[],"_links":{"self":[{"href":"http:\/\/sintema.org.br\/sintema\/wp-json\/wp\/v2\/posts\/6772"}],"collection":[{"href":"http:\/\/sintema.org.br\/sintema\/wp-json\/wp\/v2\/posts"}],"about":[{"href":"http:\/\/sintema.org.br\/sintema\/wp-json\/wp\/v2\/types\/post"}],"author":[{"embeddable":true,"href":"http:\/\/sintema.org.br\/sintema\/wp-json\/wp\/v2\/users\/2"}],"replies":[{"embeddable":true,"href":"http:\/\/sintema.org.br\/sintema\/wp-json\/wp\/v2\/comments?post=6772"}],"version-history":[{"count":1,"href":"http:\/\/sintema.org.br\/sintema\/wp-json\/wp\/v2\/posts\/6772\/revisions"}],"predecessor-version":[{"id":6774,"href":"http:\/\/sintema.org.br\/sintema\/wp-json\/wp\/v2\/posts\/6772\/revisions\/6774"}],"wp:attachment":[{"href":"http:\/\/sintema.org.br\/sintema\/wp-json\/wp\/v2\/media?parent=6772"}],"wp:term":[{"taxonomy":"category","embeddable":true,"href":"http:\/\/sintema.org.br\/sintema\/wp-json\/wp\/v2\/categories?post=6772"},{"taxonomy":"post_tag","embeddable":true,"href":"http:\/\/sintema.org.br\/sintema\/wp-json\/wp\/v2\/tags?post=6772"}],"curies":[{"name":"wp","href":"https:\/\/api.w.org\/{rel}","templated":true}]}}