{"id":6779,"date":"2015-11-03T12:36:24","date_gmt":"2015-11-03T12:36:24","guid":{"rendered":"http:\/\/sintema.org.br\/sintema\/?p=6779"},"modified":"2015-11-03T12:36:24","modified_gmt":"2015-11-03T12:36:24","slug":"novembro-azul-cuidar-da-saude-tambem-e-coisa-de-homem","status":"publish","type":"post","link":"http:\/\/sintema.org.br\/sintema\/novembro-azul-cuidar-da-saude-tambem-e-coisa-de-homem\/","title":{"rendered":"Novembro Azul: cuidar da sa\u00fade tamb\u00e9m \u00e9 coisa de homem."},"content":{"rendered":"<p><a href=\"http:\/\/sintema.org.br\/sintema\/wp-content\/uploads\/2015\/11\/nov.jpg\"><img loading=\"lazy\" class=\"alignnone  wp-image-6780\" alt=\"nov\" src=\"http:\/\/sintema.org.br\/sintema\/wp-content\/uploads\/2015\/11\/nov.jpg\" width=\"459\" height=\"245\" srcset=\"http:\/\/sintema.org.br\/sintema\/wp-content\/uploads\/2015\/11\/nov.jpg 765w, http:\/\/sintema.org.br\/sintema\/wp-content\/uploads\/2015\/11\/nov-300x160.jpg 300w\" sizes=\"(max-width: 459px) 100vw, 459px\" \/><\/a><\/p>\n<p>O Instituto Lado a Lado pela Vida realiza, pelo quarto ano consecutivo, o Novembro Azul em todo Brasil. A campanha, idealizada pela institui\u00e7\u00e3o, \u00e9 refer\u00eancia na miss\u00e3o de orientar a popula\u00e7\u00e3o masculina a cuidar melhor da sa\u00fade e procurar o m\u00e9dico com mais frequ\u00eancia. No ano passado, a mobiliza\u00e7\u00e3o para conscientizar sobre o c\u00e2ncer de pr\u00f3stata realizou mais de 1400 a\u00e7\u00f5es em todo o Pa\u00eds, com a distribui\u00e7\u00e3o de cinco milh\u00f5es de folhetos informativos em 23 Estados e no Distrito Federal.<\/p>\n<p>Em 2015, centenas de a\u00e7\u00f5es ocorrer\u00e3o em v\u00e1rias cidades do Brasil. Est\u00e3o previstos Circuitos da Sa\u00fade, palestras em empresas para conscientizar os funcion\u00e1rios sobre a import\u00e2ncia da preven\u00e7\u00e3o, a\u00e7\u00f5es em estradas, est\u00e1dios de futebol e locais p\u00fablicos de grande circula\u00e7\u00e3o, al\u00e9m da ilumina\u00e7\u00e3o de v\u00e1rios monumentos p\u00fablicos de azul. Uma sess\u00e3o solene ser\u00e1 realizada no Congresso Nacional em homenagem \u00e0 iniciativa do Instituto Lado a Lado Pela Vida, para celebrar a data e fomentar discuss\u00f5es para que a pol\u00edtica de aten\u00e7\u00e3o \u00e0 sa\u00fade do homem seja definitivamente implantada.<\/p>\n<p>\u201cNeste ano criamos um novo portal, o <a href=\"http:\/\/www.novembroazul.com.br\/\">www.novembroazul.com.br<\/a>, com um leque maior de informa\u00e7\u00f5es e uma nova identidade visual. Queremos que o homem preste mais aten\u00e7\u00e3o \u00e0 sua sa\u00fade e por isso teremos eventos e a\u00e7\u00f5es diversas para criarmos um forte impacto nesse p\u00fablico\u201d, explica a presidente do Instituto Lado a Lado, Marlene Oliveira.<\/p>\n<p>O Comit\u00ea Cient\u00edfico da campanha tamb\u00e9m cresceu e conta com especialistas em \u00e1reas diversas al\u00e9m da oncologia e urologia, como fisioterapeutas, nutricionistas e sex\u00f3logos para atender todas as d\u00favidas.<\/p>\n<p>Haver\u00e1, ainda, uma s\u00e9rie de v\u00eddeos educativos do Dr Dr\u00e1uzio Varella, abordando o tema de forma clara e direta.<\/p>\n<p><strong>Sobre o C\u00e2ncer de Pr\u00f3stata<\/strong><\/p>\n<p>A pr\u00f3stata \u00e9 uma gl\u00e2ndula do sistema reprodutor masculino, que pesa cerca de 20 gramas, de forma e tamanho semelhantes a uma castanha. Ela localiza-se abaixo da bexiga e sua principal fun\u00e7\u00e3o, juntamente com as ves\u00edculas seminais, \u00e9 produzir o esperma.<\/p>\n<p><strong>&#8211; Estat\u00edsticas <\/strong><\/p>\n<p>O c\u00e2ncer de pr\u00f3stata \u00e9 o tumor mais frequente no sexo masculino, ficando atr\u00e1s apenas dos tumores de pele, e o sexto tipo mais comum no mundo segundo o INCA (Instituto Nacional do C\u00e2ncer).<\/p>\n<p>A cada seis homens, um \u00e9 portador da doen\u00e7a. A estimativa do INCA \u00e9 de que, por ano, 69 mil novos casos sejam diagnosticados, um caso a cada 7,6 minutos.<\/p>\n<p><strong>&#8211; Diagn\u00f3stico<\/strong><\/p>\n<p>A doen\u00e7a pode demorar a se manifestar, exigindo exames preventivos constantes para n\u00e3o ser descoberta em est\u00e1gio avan\u00e7ado e potencialmente fatal. Os exames consistem na dosagem s\u00e9rica do PSA e no exame de toque retal, que s\u00e3o complementares, pois cerca de 20% dos casos n\u00e3o s\u00e3o detectados pelo PSA.<\/p>\n<p><strong>&#8211; Fatores de Risco<\/strong><\/p>\n<p>A recomenda\u00e7\u00e3o \u00e9 que homens a partir de 50 anos procurem um urologista para realizar os exames preventivos anualmente. Indiv\u00edduos com hist\u00f3ria familiar de c\u00e2ncer de pr\u00f3stata, da ra\u00e7a negra, sedent\u00e1rios e obesos devem iniciar a preven\u00e7\u00e3o a partir dos 45 anos, pois possuem maior risco de desenvolver a doen\u00e7a.<\/p>\n<p><strong>&#8211; Preven\u00e7\u00e3o<\/strong><\/p>\n<p>Quando diagnosticada precocemente as chances de cura da doen\u00e7a s\u00e3o de, aproximadamente, 90%.<\/p>\n<p>Fonte: novembroazul.com.br<\/p>\n","protected":false},"excerpt":{"rendered":"<p>O Instituto Lado a Lado pela Vida realiza, pelo quarto ano consecutivo, o Novembro Azul em todo Brasil. A campanha, idealizada pela institui\u00e7\u00e3o, \u00e9 refer\u00eancia na miss\u00e3o de orientar a popula\u00e7\u00e3o masculina a cuidar melhor da sa\u00fade e procurar o m\u00e9dico com mais frequ\u00eancia. No ano passado, a mobiliza\u00e7\u00e3o para conscientizar sobre o c\u00e2ncer de [&hellip;]<\/p>\n","protected":false},"author":2,"featured_media":0,"comment_status":"open","ping_status":"open","sticky":false,"template":"","format":"standard","meta":[],"categories":[5],"tags":[],"_links":{"self":[{"href":"http:\/\/sintema.org.br\/sintema\/wp-json\/wp\/v2\/posts\/6779"}],"collection":[{"href":"http:\/\/sintema.org.br\/sintema\/wp-json\/wp\/v2\/posts"}],"about":[{"href":"http:\/\/sintema.org.br\/sintema\/wp-json\/wp\/v2\/types\/post"}],"author":[{"embeddable":true,"href":"http:\/\/sintema.org.br\/sintema\/wp-json\/wp\/v2\/users\/2"}],"replies":[{"embeddable":true,"href":"http:\/\/sintema.org.br\/sintema\/wp-json\/wp\/v2\/comments?post=6779"}],"version-history":[{"count":1,"href":"http:\/\/sintema.org.br\/sintema\/wp-json\/wp\/v2\/posts\/6779\/revisions"}],"predecessor-version":[{"id":6781,"href":"http:\/\/sintema.org.br\/sintema\/wp-json\/wp\/v2\/posts\/6779\/revisions\/6781"}],"wp:attachment":[{"href":"http:\/\/sintema.org.br\/sintema\/wp-json\/wp\/v2\/media?parent=6779"}],"wp:term":[{"taxonomy":"category","embeddable":true,"href":"http:\/\/sintema.org.br\/sintema\/wp-json\/wp\/v2\/categories?post=6779"},{"taxonomy":"post_tag","embeddable":true,"href":"http:\/\/sintema.org.br\/sintema\/wp-json\/wp\/v2\/tags?post=6779"}],"curies":[{"name":"wp","href":"https:\/\/api.w.org\/{rel}","templated":true}]}}