{"id":7428,"date":"2016-05-04T19:46:04","date_gmt":"2016-05-04T19:46:04","guid":{"rendered":"http:\/\/sintema.org.br\/sintema\/?p=7428"},"modified":"2016-05-04T19:46:04","modified_gmt":"2016-05-04T19:46:04","slug":"fasubra-cobra-governo-sobre-o-cumprimento-de-clausulas-do-acordo-de-2015","status":"publish","type":"post","link":"http:\/\/sintema.org.br\/sintema\/fasubra-cobra-governo-sobre-o-cumprimento-de-clausulas-do-acordo-de-2015\/","title":{"rendered":"FASUBRA cobra governo sobre o cumprimento de cl\u00e1usulas do acordo de 2015"},"content":{"rendered":"<p style=\"text-align: left;\" align=\"center\"><a href=\"http:\/\/sintema.org.br\/sintema\/wp-content\/uploads\/2016\/05\/FASUBRA-Informa.jpg\"><img loading=\"lazy\" class=\"alignnone  wp-image-7429\" alt=\"FASUBRA-Informa\" src=\"http:\/\/sintema.org.br\/sintema\/wp-content\/uploads\/2016\/05\/FASUBRA-Informa.jpg\" width=\"336\" height=\"252\" \/><\/a><\/p>\n<p align=\"center\"><i>Prazo expirou no dia 06 de abril.<\/i><\/p>\n<p>A Federa\u00e7\u00e3o enviou o of\u00edcio <b>070\/16 SEC<\/b> ao Minist\u00e9rio da Educa\u00e7\u00e3o (MEC) no dia 03 de maio e cobrou posicionamento do governo, referente \u00e0s cl\u00e1usulas 6\u00aa, 8\u00aa e 10\u00aa do Termo de Acordo assinado em outubro de 2015.<\/p>\n<p>Segundo a Dire\u00e7\u00e3o Nacional da FASUBRA, o documento foi encaminhado porque o prazo de 180 ap\u00f3s a assinatura do acordo para cumprimento das cl\u00e1usulas, terminou no dia 06 de abril, \u201co governo n\u00e3o cumpriu sua parte no acordo\u201d.<\/p>\n<p>Na \u00faltima reuni\u00e3o do GT Aprimoramento da Carreira realizada no dia 27 de abril, o MEC se comprometeu a cobrar do Minist\u00e9rio do Planejamento, Or\u00e7amento e Gest\u00e3o (MPOG) resposta referente \u00e0s a\u00e7\u00f5es que s\u00e3o de compet\u00eancia deste minist\u00e9rio e agendar uma reuni\u00e3o no dia cinco de maio para tratar o assunto.<\/p>\n<p>De acordo com a DN, n\u00e3o houve respostas por parte do MEC.<\/p>\n<p>Confira o of\u00edcio <a href=\"https:\/\/drive.google.com\/a\/fasubra.org.br\/file\/d\/0B4MiLGYsIC5tX2loMTNLSWkxMWs\/view\">aqui!<\/a><\/p>\n<p align=\"center\"><b>Assessoria de Comunica\u00e7\u00e3o<\/b><\/p>\n","protected":false},"excerpt":{"rendered":"<p>Prazo expirou no dia 06 de abril. A Federa\u00e7\u00e3o enviou o of\u00edcio 070\/16 SEC ao Minist\u00e9rio da Educa\u00e7\u00e3o (MEC) no dia 03 de maio e cobrou posicionamento do governo, referente \u00e0s cl\u00e1usulas 6\u00aa, 8\u00aa e 10\u00aa do Termo de Acordo assinado em outubro de 2015. Segundo a Dire\u00e7\u00e3o Nacional da FASUBRA, o documento foi encaminhado [&hellip;]<\/p>\n","protected":false},"author":2,"featured_media":0,"comment_status":"open","ping_status":"open","sticky":false,"template":"","format":"standard","meta":[],"categories":[5,18],"tags":[],"_links":{"self":[{"href":"http:\/\/sintema.org.br\/sintema\/wp-json\/wp\/v2\/posts\/7428"}],"collection":[{"href":"http:\/\/sintema.org.br\/sintema\/wp-json\/wp\/v2\/posts"}],"about":[{"href":"http:\/\/sintema.org.br\/sintema\/wp-json\/wp\/v2\/types\/post"}],"author":[{"embeddable":true,"href":"http:\/\/sintema.org.br\/sintema\/wp-json\/wp\/v2\/users\/2"}],"replies":[{"embeddable":true,"href":"http:\/\/sintema.org.br\/sintema\/wp-json\/wp\/v2\/comments?post=7428"}],"version-history":[{"count":1,"href":"http:\/\/sintema.org.br\/sintema\/wp-json\/wp\/v2\/posts\/7428\/revisions"}],"predecessor-version":[{"id":7430,"href":"http:\/\/sintema.org.br\/sintema\/wp-json\/wp\/v2\/posts\/7428\/revisions\/7430"}],"wp:attachment":[{"href":"http:\/\/sintema.org.br\/sintema\/wp-json\/wp\/v2\/media?parent=7428"}],"wp:term":[{"taxonomy":"category","embeddable":true,"href":"http:\/\/sintema.org.br\/sintema\/wp-json\/wp\/v2\/categories?post=7428"},{"taxonomy":"post_tag","embeddable":true,"href":"http:\/\/sintema.org.br\/sintema\/wp-json\/wp\/v2\/tags?post=7428"}],"curies":[{"name":"wp","href":"https:\/\/api.w.org\/{rel}","templated":true}]}}