{"id":7431,"date":"2016-05-06T16:53:36","date_gmt":"2016-05-06T16:53:36","guid":{"rendered":"http:\/\/sintema.org.br\/sintema\/?p=7431"},"modified":"2016-05-06T16:53:46","modified_gmt":"2016-05-06T16:53:46","slug":"obituario-gilberto-amorim-alves","status":"publish","type":"post","link":"http:\/\/sintema.org.br\/sintema\/obituario-gilberto-amorim-alves\/","title":{"rendered":"Obitu\u00e1rio &#8211; GILBERTO AMORIM ALVES"},"content":{"rendered":"<p><a href=\"http:\/\/sintema.org.br\/sintema\/wp-content\/uploads\/2014\/05\/falecimentoooo-300x186111.jpg\"><img loading=\"lazy\" class=\"alignnone size-full wp-image-4804\" alt=\"falecimentoooo-300x186111\" src=\"http:\/\/sintema.org.br\/sintema\/wp-content\/uploads\/2014\/05\/falecimentoooo-300x186111.jpg\" width=\"300\" height=\"186\" \/><\/a><\/p>\n<p>\u00c9 com imenso pesar, que a diretoria do Sintema comunica a toda categoria o falecimento do associado \u2013 GILBERTO AMORIM ALVES\u00a0 \u2013 ocorrido ontem dia 05 de maio de 2016.<\/p>\n<p>Gilberto Alves era servidor da ativa.\u00a0 O corpo do associado est\u00e1 sendo velado na resid\u00eancia da fam\u00edlia, localizada na Rua dos Lampi\u00f5es, casa 76, Bairro de F\u00e1tima. O enterro acontece hoje, \u00e0s 15:00h, no Maiob\u00e3o.<\/p>\n<p>Toda a Dire\u00e7\u00e3o do Sindicato presta as homenagens a esta, que em vida, muito contribuiu com a luta da categoria por dias melhores.<\/p>\n<p><em>Imprensa Sintema.<\/em><\/p>\n","protected":false},"excerpt":{"rendered":"<p>\u00c9 com imenso pesar, que a diretoria do Sintema comunica a toda categoria o falecimento do associado \u2013 GILBERTO AMORIM ALVES\u00a0 \u2013 ocorrido ontem dia 05 de maio de 2016. Gilberto Alves era servidor da ativa.\u00a0 O corpo do associado est\u00e1 sendo velado na resid\u00eancia da fam\u00edlia, localizada na Rua dos Lampi\u00f5es, casa 76, Bairro [&hellip;]<\/p>\n","protected":false},"author":2,"featured_media":0,"comment_status":"open","ping_status":"open","sticky":false,"template":"","format":"standard","meta":[],"categories":[5,8],"tags":[],"_links":{"self":[{"href":"http:\/\/sintema.org.br\/sintema\/wp-json\/wp\/v2\/posts\/7431"}],"collection":[{"href":"http:\/\/sintema.org.br\/sintema\/wp-json\/wp\/v2\/posts"}],"about":[{"href":"http:\/\/sintema.org.br\/sintema\/wp-json\/wp\/v2\/types\/post"}],"author":[{"embeddable":true,"href":"http:\/\/sintema.org.br\/sintema\/wp-json\/wp\/v2\/users\/2"}],"replies":[{"embeddable":true,"href":"http:\/\/sintema.org.br\/sintema\/wp-json\/wp\/v2\/comments?post=7431"}],"version-history":[{"count":1,"href":"http:\/\/sintema.org.br\/sintema\/wp-json\/wp\/v2\/posts\/7431\/revisions"}],"predecessor-version":[{"id":7432,"href":"http:\/\/sintema.org.br\/sintema\/wp-json\/wp\/v2\/posts\/7431\/revisions\/7432"}],"wp:attachment":[{"href":"http:\/\/sintema.org.br\/sintema\/wp-json\/wp\/v2\/media?parent=7431"}],"wp:term":[{"taxonomy":"category","embeddable":true,"href":"http:\/\/sintema.org.br\/sintema\/wp-json\/wp\/v2\/categories?post=7431"},{"taxonomy":"post_tag","embeddable":true,"href":"http:\/\/sintema.org.br\/sintema\/wp-json\/wp\/v2\/tags?post=7431"}],"curies":[{"name":"wp","href":"https:\/\/api.w.org\/{rel}","templated":true}]}}