{"id":7438,"date":"2016-05-06T17:38:42","date_gmt":"2016-05-06T17:38:42","guid":{"rendered":"http:\/\/sintema.org.br\/sintema\/?p=7438"},"modified":"2016-05-06T17:38:42","modified_gmt":"2016-05-06T17:38:42","slug":"desafios-e-oportunidades-para-regulamentacao-da-saude-do-servidor-publico-federal","status":"publish","type":"post","link":"http:\/\/sintema.org.br\/sintema\/desafios-e-oportunidades-para-regulamentacao-da-saude-do-servidor-publico-federal\/","title":{"rendered":"Desafios e oportunidades para regulamenta\u00e7\u00e3o da sa\u00fade do servidor p\u00fablico federal"},"content":{"rendered":"<p align=\"center\"><i>Coletivo de advogados discutiu metodologia na \u00e1rea da sa\u00fade do trabalhador para <\/i><i>cria\u00e7\u00e3o de norma regulamentadora<\/i>.<\/p>\n<p>&nbsp;<\/p>\n<p>Na manh\u00e3 de quarta-feira, 03, a FASUBRA Sindical participou do Semin\u00e1rio &#8220;Desafios e oportunidades para a regulamenta\u00e7\u00e3o da sa\u00fade do servidor p\u00fablico&#8221;, promovido pelo Coletivo Nacional de Advogados de Servidores P\u00fablicos (CNASP). O evento aconteceu na sede da Ordem dos Advogados do Brasil (OAB) do Distrito Federal em Bras\u00edlia &#8211; DF. Representando a Federa\u00e7\u00e3o o coordenador suplente, Jos\u00e9 Carlos Assis.<\/p>\n<p>&nbsp;<\/p>\n<p><b>Objetivo<\/b><\/p>\n<p>De acordo com o advogado Jo\u00e3o Luiz, do CNASP, o evento tem como objetivo atualizar a compreens\u00e3o sobre sa\u00fade do trabalhador, principalmente em face da Constitui\u00e7\u00e3o Federal de 1988, que, n\u00e3o mais permite a an\u00e1lise da sa\u00fade do trabalhador como um meio ao processo produtivo, mas um fim em si, na medida da garantia constitucional \u00e0 dignidade e \u00e0 sa\u00fade das pessoas.<\/p>\n<p>No per\u00edodo da manh\u00e3, o tema em debate foi a \u201cCr\u00edtica e m\u00e9todo de an\u00e1lise de atividade laboral\u201d. O principal assunto em discuss\u00e3o, apresentado pelo professor Paulo Rog\u00e9rio Albuquerque Oliveira, doutor em Ci\u00eancias da Sa\u00fade pela Universidade de Bras\u00edlia (UnB) e Especialista em Engenharia de Seguran\u00e7a do Trabalho pela UnB, foi o Nexo T\u00e9cnico Epidemiol\u00f3gico Previdenci\u00e1rio (NTEP).<\/p>\n<p>As normas contidas em orienta\u00e7\u00f5es normativas do Minist\u00e9rio do Planejamento, Or\u00e7amento e Gest\u00e3o (MPOG) e na Consolida\u00e7\u00e3o das Leis Trabalhistas (CLT) tamb\u00e9m foram discutidas. Para o CNASP, estas normas est\u00e3o ultrapassadas e sofrem de v\u00edcio inconstitucional. Uma das propostas apresentadas seria a elabora\u00e7\u00e3o de norma que prev\u00ea a redu\u00e7\u00e3o de exposi\u00e7\u00e3o ao risco, para aumentar a qualidade de vida dos trabalhadores, que realizam suas atividades em condi\u00e7\u00f5es insalubres e perigosas.<\/p>\n<p>&nbsp;<\/p>\n<p>A FASUBRA considera importante a participa\u00e7\u00e3o em iniciativas que resultem em propostas para a defesa da sa\u00fade do servidor p\u00fablico.<\/p>\n<p><b>CNASP <\/b><\/p>\n<p>O CNASP \u00e9 um coletivo sem fins lucrativos, composto por advogados e escrit\u00f3rios de advocacia dedicados historicamente \u00e0 causa dos servidores p\u00fablicos. Em vista de reflex\u00f5es urgentes que perpassam temas referentes \u00e0 promo\u00e7\u00e3o da sa\u00fade dos trabalhadores p\u00fablicos, como aposentadoria especial (MI 880 \u2013 condi\u00e7\u00f5es de trabalho e MI 4245 \u2013 pessoas com defici\u00eancia), ambiente laboral, retribui\u00e7\u00e3o remunerat\u00f3ria e compensa\u00e7\u00e3o org\u00e2nica pela menor exposi\u00e7\u00e3o a agentes nocivos \u00e9 que se faz necess\u00e1rio um debate te\u00f3rico (t\u00e9cnico) a respeito de m\u00e9todo em que, atrav\u00e9s da promo\u00e7\u00e3o eficaz da sa\u00fade laboral, se antecipem sinais de adoecimento dos servidores.<\/p>\n<p>Entendemos relevante o tema diante da indiferen\u00e7a governamental (em praticamente todas as esferas de governo) \u00e0 an\u00e1lise e interven\u00e7\u00e3o que garantam um meio ambiente do trabalho equilibrado, com vista \u00e0 integridade f\u00edsica e mental do trabalhador servidor p\u00fablico. A import\u00e2ncia \u00e9 ainda referendada pelo fato do tema ter sido pautado na greve de diversas categorias no movimento de greve de 2015 e pontuado em acordos.<\/p>\n<p><b>\u00a0<\/b><\/p>\n<p><b>Com informa\u00e7\u00f5es: CNASP<\/b><\/p>\n<p align=\"center\"><b>Assessoria de Comunica\u00e7\u00e3o \u2013 FASUBRA Sindical<\/b><\/p>\n","protected":false},"excerpt":{"rendered":"<p>Coletivo de advogados discutiu metodologia na \u00e1rea da sa\u00fade do trabalhador para cria\u00e7\u00e3o de norma regulamentadora. &nbsp; Na manh\u00e3 de quarta-feira, 03, a FASUBRA Sindical participou do Semin\u00e1rio &#8220;Desafios e oportunidades para a regulamenta\u00e7\u00e3o da sa\u00fade do servidor p\u00fablico&#8221;, promovido pelo Coletivo Nacional de Advogados de Servidores P\u00fablicos (CNASP). O evento aconteceu na sede da [&hellip;]<\/p>\n","protected":false},"author":2,"featured_media":0,"comment_status":"open","ping_status":"open","sticky":false,"template":"","format":"standard","meta":[],"categories":[18],"tags":[],"_links":{"self":[{"href":"http:\/\/sintema.org.br\/sintema\/wp-json\/wp\/v2\/posts\/7438"}],"collection":[{"href":"http:\/\/sintema.org.br\/sintema\/wp-json\/wp\/v2\/posts"}],"about":[{"href":"http:\/\/sintema.org.br\/sintema\/wp-json\/wp\/v2\/types\/post"}],"author":[{"embeddable":true,"href":"http:\/\/sintema.org.br\/sintema\/wp-json\/wp\/v2\/users\/2"}],"replies":[{"embeddable":true,"href":"http:\/\/sintema.org.br\/sintema\/wp-json\/wp\/v2\/comments?post=7438"}],"version-history":[{"count":1,"href":"http:\/\/sintema.org.br\/sintema\/wp-json\/wp\/v2\/posts\/7438\/revisions"}],"predecessor-version":[{"id":7439,"href":"http:\/\/sintema.org.br\/sintema\/wp-json\/wp\/v2\/posts\/7438\/revisions\/7439"}],"wp:attachment":[{"href":"http:\/\/sintema.org.br\/sintema\/wp-json\/wp\/v2\/media?parent=7438"}],"wp:term":[{"taxonomy":"category","embeddable":true,"href":"http:\/\/sintema.org.br\/sintema\/wp-json\/wp\/v2\/categories?post=7438"},{"taxonomy":"post_tag","embeddable":true,"href":"http:\/\/sintema.org.br\/sintema\/wp-json\/wp\/v2\/tags?post=7438"}],"curies":[{"name":"wp","href":"https:\/\/api.w.org\/{rel}","templated":true}]}}