{"id":7503,"date":"2016-06-02T19:48:04","date_gmt":"2016-06-02T19:48:04","guid":{"rendered":"http:\/\/sintema.org.br\/sintema\/?p=7503"},"modified":"2016-06-02T19:48:04","modified_gmt":"2016-06-02T19:48:04","slug":"camara-dos-deputados-aprova-projetos-de-reajuste-aos-servidores-publicos-federais","status":"publish","type":"post","link":"http:\/\/sintema.org.br\/sintema\/camara-dos-deputados-aprova-projetos-de-reajuste-aos-servidores-publicos-federais\/","title":{"rendered":"C\u00e2mara dos Deputados aprova projetos de reajuste aos servidores p\u00fablicos federais"},"content":{"rendered":"<p align=\"center\"><a href=\"http:\/\/sintema.org.br\/sintema\/wp-content\/uploads\/2016\/06\/Votao-projeto-reajuste-1.jpg\"><img loading=\"lazy\" class=\"alignnone size-full wp-image-7513\" alt=\"Votao projeto reajuste 1\" src=\"http:\/\/sintema.org.br\/sintema\/wp-content\/uploads\/2016\/06\/Votao-projeto-reajuste-1.jpg\" width=\"336\" height=\"220\" srcset=\"http:\/\/sintema.org.br\/sintema\/wp-content\/uploads\/2016\/06\/Votao-projeto-reajuste-1.jpg 336w, http:\/\/sintema.org.br\/sintema\/wp-content\/uploads\/2016\/06\/Votao-projeto-reajuste-1-300x196.jpg 300w\" sizes=\"(max-width: 336px) 100vw, 336px\" \/><\/a><\/p>\n<p align=\"center\"><i>Federa\u00e7\u00e3o aponta quest\u00f5es do acordo de greve que n\u00e3o fazem parte do PL 4251\/15 e ainda n\u00e3o foram cumpridas. <\/i><\/p>\n<p>Por enquanto, uma boa not\u00edcia para os servidores p\u00fablicos federais. A C\u00e2mara dos Deputados aprovou na noite de ontem, 01, quatorze projetos de lei que constam o reajuste aos servidores do funcionalismo p\u00fablico. \u00a0A maioria \u00e9 resultado de acordos de greve firmado com diversas categorias em 2015, no governo da presidente afastada Dilma Rousseff.<\/p>\n<p>A grande m\u00eddia brasileira tem divulgado a not\u00edcia como um \u201cmega\u201d reajuste para os servidores com impacto de R$ 50 bilh\u00f5es em quatro anos, autorizado pelo presidente interino, Michel Temer.<\/p>\n<p>Para a FASUBRA, o governo Temer e o Congresso Nacional est\u00e3o apenas cumprindo com a obriga\u00e7\u00e3o referente aos acordos firmados com os servidores p\u00fablicos federais e o estado brasileiro. \u201cTemer sabe que se n\u00e3o honrasse tais acordos, enfrentaria um forte desgaste e a emin\u00eancia de uma poderosa greve do funcionalismo, que iria com certeza se voltar contra o governo\u201d.<\/p>\n<p>Embora a grande m\u00eddia queira demonstrar que, h\u00e1 grande gasto do governo com os servidores em um momento de crise econ\u00f4mica, \u201ce que, segundo eles, n\u00e3o se pode gastar e ter mais despesas\u201d, a Federa\u00e7\u00e3o esclarece que, o reajuste n\u00e3o cobre a infla\u00e7\u00e3o do per\u00edodo (2015). O resultado disso \u00e9 a permanente corros\u00e3o salarial no contra cheque dos trabalhadores do funcionalismo, \u201cque nem mesmo tem o direito \u00e0 data base\u201d.<\/p>\n<p>A FASUBRA Sindical orienta que a categoria fique em alerta, porque o projeto ainda precisa passar pelo senado e considera \u201cver o acordo de greve ser cumprido na \u00edntegra\u201d. Ao mesmo tempo, a classe trabalhadora est\u00e1 em luta contra a aprova\u00e7\u00e3o de outros projetos que atacam direitos e congelam sal\u00e1rios do funcionalismo, como o PLP 257\/16.<\/p>\n<p>&nbsp;<\/p>\n<p>O <a href=\"http:\/\/www.camara.gov.br\/proposicoesWeb\/fichadetramitacao?idProposicao=2076248\">PL 4251\/15<\/a>, espec\u00edfico para as carreiras da educa\u00e7\u00e3o, inclui os trabalhadores t\u00e9cnico-administrativos em educa\u00e7\u00e3o das institui\u00e7\u00f5es federais de ensino. O reajuste de 10,5% acordado ao final da greve de 2015, parcelado em dois anos, est\u00e1 previsto para o dia 1\u00ba de agosto de 2016 (5,5%) e 1\u00ba de janeiro de 2017 (5%), segundo consta no projeto.<\/p>\n<p><i>\u201c14.\u00a0Complementarmente, o PL trata de ajustes na estrutura de remunera\u00e7\u00e3o do Plano de Carreira dos Cargos T\u00e9cnico-Administrativos em Educa\u00e7\u00e3o, de que trata a Lei n\u00ba 11.091, de 12 de janeiro de 2005; e dos cargos de m\u00e9dico, de que trata a Lei n\u00b0 12.702, de 7 de agosto de 2012. \u00a0Os ajustes ser\u00e3o implementados em duas parcelas, em agosto de 2016 e janeiro de 2017.\u201d<\/i><\/p>\n<p>Os reajustes est\u00e3o previstos na Lei de Diretrizes Or\u00e7ament\u00e1rias (LDO) e no Or\u00e7amento de 2016 (PLN 1) aprovadas pelo Congresso Nacional em 25 de maio, e prev\u00ea um d\u00e9ficit de R$ 170,5 bilh\u00f5es para este ano.<\/p>\n<p>A maioria dos projetos ser\u00e1 encaminhada para aprova\u00e7\u00e3o no Senado Federal e posteriormente para san\u00e7\u00e3o do presidente interino Michel Temer. De acordo com a Ag\u00eancia C\u00e2mara Not\u00edcias, o aumento alcan\u00e7a 24.360 servidores civis ativos, 11.685 aposentados e instituidores de pens\u00e3o.<\/p>\n<p><b>\u00a0<\/b><\/p>\n<p><b>FASUBRA<\/b><\/p>\n<p>Para a Federa\u00e7\u00e3o, o governo segue trabalhando a l\u00f3gica das carreiras t\u00edpicas de estado. \u201cH\u00e1 uma diferen\u00e7a na forma como s\u00e3o tratados os percentuais para as categorias que eles consideram estrat\u00e9gicas entre o restante, que, na ideia do governo pode ser privatizada, terceirizada, ou repassada para Organiza\u00e7\u00f5es Sociais\u201d. Desse modo, a sa\u00fade, educa\u00e7\u00e3o e previd\u00eancia continuam sendo categorias secundarizadas no processo.<\/p>\n<p>De acordo com a Dire\u00e7\u00e3o Nacional, a aprova\u00e7\u00e3o na C\u00e2mara ainda n\u00e3o resolve a situa\u00e7\u00e3o dos t\u00e9cnicos administrativos em educa\u00e7\u00e3o. \u201cDestacamos que h\u00e1 uma s\u00e9rie de quest\u00f5es do nosso acordo de greve que n\u00e3o fazem parte desse PL, como os editais de vagas de gradua\u00e7\u00e3o e especializa\u00e7\u00e3o para t\u00e9cnicos administrativos, o semin\u00e1rio sobre ass\u00e9dio moral, a discuss\u00e3o da pauta da Ebserh (Empresa Brasileira de Servi\u00e7os Hospitalares) junto com os servidores do RJU, a democratiza\u00e7\u00e3o nas universidades e a mudan\u00e7a de quem est\u00e1 no PUCRCE para o PCCTAE\u201d.<\/p>\n<p>A FASUBRA questiona a morosidade por parte do Minist\u00e9rio do Planejamento, Or\u00e7amento e Gest\u00e3o (MPOG) referente \u00e0 mudan\u00e7a da Orienta\u00e7\u00e3o Normativa n\u00ba6 (insalubridade, periculosidade e penosidade). Tamb\u00e9m cobra o MEC sobre a discuss\u00e3o de aprimoramento da carreira, a forma como os servidores poder\u00e3o realizar a capacita\u00e7\u00e3o e qualifica\u00e7\u00e3o mesmo em est\u00e1gio probat\u00f3rio, reconhecimento de t\u00edtulos e a utiliza\u00e7\u00e3o de disciplinas de gradua\u00e7\u00e3o e p\u00f3s-gradua\u00e7\u00e3o para pleitear progress\u00e3o por capacita\u00e7\u00e3o. \u201cS\u00e3o v\u00e1rios aspectos que estavam no acordo de greve e o governo at\u00e9 agora n\u00e3o respondeu, descumprindo os prazos colocados no termo inicialmente firmado\u201d.<\/p>\n<p>Foram encaminhados of\u00edcios exigindo respostas ao ex-ministro da Educa\u00e7\u00e3o, Alo\u00edzio Mercadante e ao atual ministro Mendon\u00e7a Filho, comunicando o descumprimento do acordo de greve por parte do governo. \u201cO Minist\u00e9rio da Educa\u00e7\u00e3o at\u00e9 o momento ignora nossos of\u00edcios, sem dar qualquer resposta\u201d.<\/p>\n<p>Na pr\u00f3xima Plen\u00e1ria Nacional da FASUBRA que acontece nos dias 19 e 20 de junho, ser\u00e3o discutidos os desdobramentos gerados pelo n\u00e3o cumprimento do acordo de greve.<\/p>\n<p>Confira os vencimentos b\u00e1sicos para 1\u00ba de agosto de 2016 e 1\u00ba de janeiro de 2017 (Anexo X) e para os cargos de m\u00e9dico (Anexo XI).<\/p>\n<p><a href=\"http:\/\/sintema.org.br\/sintema\/wp-content\/uploads\/2016\/06\/1.jpg\"><img loading=\"lazy\" class=\"alignnone size-large wp-image-7504\" alt=\"1\" src=\"http:\/\/sintema.org.br\/sintema\/wp-content\/uploads\/2016\/06\/1-757x1024.jpg\" width=\"640\" height=\"865\" \/><\/a><\/p>\n<p><a href=\"http:\/\/sintema.org.br\/sintema\/wp-content\/uploads\/2016\/06\/2.jpg\"><img loading=\"lazy\" class=\"alignnone size-large wp-image-7505\" alt=\"2\" src=\"http:\/\/sintema.org.br\/sintema\/wp-content\/uploads\/2016\/06\/2-748x1024.jpg\" width=\"640\" height=\"876\" \/><\/a><\/p>\n<p><a href=\"http:\/\/sintema.org.br\/sintema\/wp-content\/uploads\/2016\/06\/3.jpg\"><img loading=\"lazy\" class=\"alignnone size-large wp-image-7506\" alt=\"3\" src=\"http:\/\/sintema.org.br\/sintema\/wp-content\/uploads\/2016\/06\/3-740x1024.jpg\" width=\"640\" height=\"885\" \/><\/a><\/p>\n<p align=\"center\">ANEXO XI<\/p>\n<p align=\"center\">(Anexo XLVII \u00e0 Lei n\u00ba 12.702, de 7 de agosto de 2012)<\/p>\n<p align=\"center\">VENCIMENTO B\u00c1SICO DOS CARGOS DE M\u00c9DICO PLANO DE CARREIRA DOS CARGOS T\u00c9CNICO-ADMINISTRATIVOS EM EDUCA\u00c7\u00c3O<\/p>\n<p>&nbsp;<\/p>\n<p align=\"center\">Vencimento b\u00e1sico dos cargos de M\u00e9dico do Plano de Carreira dos Cargos T\u00e9cnico-Administrativos em Educa\u00e7\u00e3o\u00a0&#8211;\u00a0PCCTAE, de que trata a Lei n\u00b0 11.091, de 12 de janeiro de 2005, com jornada de 40 horas semanais.<\/p>\n<p align=\"center\"><a href=\"http:\/\/sintema.org.br\/sintema\/wp-content\/uploads\/2016\/06\/01.jpg\"><img loading=\"lazy\" class=\"alignnone size-full wp-image-7507\" alt=\"01\" src=\"http:\/\/sintema.org.br\/sintema\/wp-content\/uploads\/2016\/06\/01.jpg\" width=\"480\" height=\"555\" srcset=\"http:\/\/sintema.org.br\/sintema\/wp-content\/uploads\/2016\/06\/01.jpg 480w, http:\/\/sintema.org.br\/sintema\/wp-content\/uploads\/2016\/06\/01-259x300.jpg 259w\" sizes=\"(max-width: 480px) 100vw, 480px\" \/><\/a><\/p>\n<p align=\"center\"><a href=\"http:\/\/sintema.org.br\/sintema\/wp-content\/uploads\/2016\/06\/02.jpg\"><img loading=\"lazy\" class=\"alignnone size-full wp-image-7508\" alt=\"02\" src=\"http:\/\/sintema.org.br\/sintema\/wp-content\/uploads\/2016\/06\/02.jpg\" width=\"480\" height=\"563\" srcset=\"http:\/\/sintema.org.br\/sintema\/wp-content\/uploads\/2016\/06\/02.jpg 480w, http:\/\/sintema.org.br\/sintema\/wp-content\/uploads\/2016\/06\/02-255x300.jpg 255w\" sizes=\"(max-width: 480px) 100vw, 480px\" \/><\/a><\/p>\n<p align=\"center\"><a href=\"http:\/\/sintema.org.br\/sintema\/wp-content\/uploads\/2016\/06\/03.jpg\"><img loading=\"lazy\" class=\"alignnone size-full wp-image-7509\" alt=\"03\" src=\"http:\/\/sintema.org.br\/sintema\/wp-content\/uploads\/2016\/06\/03.jpg\" width=\"480\" height=\"574\" srcset=\"http:\/\/sintema.org.br\/sintema\/wp-content\/uploads\/2016\/06\/03.jpg 480w, http:\/\/sintema.org.br\/sintema\/wp-content\/uploads\/2016\/06\/03-250x300.jpg 250w\" sizes=\"(max-width: 480px) 100vw, 480px\" \/><\/a><\/p>\n<p align=\"center\">b)\u00a0Vencimento b\u00e1sico dos cargos de M\u00e9dico do Plano de Carreira dos Cargos T\u00e9cnico-Administrativos em Educa\u00e7\u00e3o\u00a0&#8211;\u00a0PCCTAE, de que trata a Lei n\u00b0 11.091, de 12 de janeiro de 2005, com jornada de 20 horas semanais.<\/p>\n<p align=\"center\"><a href=\"http:\/\/sintema.org.br\/sintema\/wp-content\/uploads\/2016\/06\/001.jpg\"><img loading=\"lazy\" class=\"alignnone size-full wp-image-7510\" alt=\"001\" src=\"http:\/\/sintema.org.br\/sintema\/wp-content\/uploads\/2016\/06\/001.jpg\" width=\"480\" height=\"522\" srcset=\"http:\/\/sintema.org.br\/sintema\/wp-content\/uploads\/2016\/06\/001.jpg 480w, http:\/\/sintema.org.br\/sintema\/wp-content\/uploads\/2016\/06\/001-275x300.jpg 275w\" sizes=\"(max-width: 480px) 100vw, 480px\" \/><\/a><\/p>\n<p align=\"center\"><a href=\"http:\/\/sintema.org.br\/sintema\/wp-content\/uploads\/2016\/06\/002.jpg\"><img loading=\"lazy\" class=\"alignnone size-full wp-image-7511\" alt=\"002\" src=\"http:\/\/sintema.org.br\/sintema\/wp-content\/uploads\/2016\/06\/002.jpg\" width=\"480\" height=\"570\" srcset=\"http:\/\/sintema.org.br\/sintema\/wp-content\/uploads\/2016\/06\/002.jpg 480w, http:\/\/sintema.org.br\/sintema\/wp-content\/uploads\/2016\/06\/002-252x300.jpg 252w\" sizes=\"(max-width: 480px) 100vw, 480px\" \/><\/a><\/p>\n<p align=\"center\"><a href=\"http:\/\/sintema.org.br\/sintema\/wp-content\/uploads\/2016\/06\/003.jpg\"><img loading=\"lazy\" class=\"alignnone size-full wp-image-7512\" alt=\"003\" src=\"http:\/\/sintema.org.br\/sintema\/wp-content\/uploads\/2016\/06\/003.jpg\" width=\"480\" height=\"570\" srcset=\"http:\/\/sintema.org.br\/sintema\/wp-content\/uploads\/2016\/06\/003.jpg 480w, http:\/\/sintema.org.br\/sintema\/wp-content\/uploads\/2016\/06\/003-252x300.jpg 252w\" sizes=\"(max-width: 480px) 100vw, 480px\" \/><\/a><\/p>\n<p align=\"center\"><a href=\"https:\/\/drive.google.com\/a\/fasubra.org.br\/folderview?id=0B4MiLGYsIC5tSy1lVzF3eFd6RFE&amp;usp=sharing\"><strong>Todas as tabelas em PDF aqui!<\/strong><\/a><\/p>\n<p align=\"center\"><strong>Imagem:<\/strong> Ag\u00eancia C\u00e2mara Not\u00edcias<\/p>\n<p style=\"text-align: left;\" align=\"center\">Fonte: Fasubra.<\/p>\n<p align=\"center\">\n<p>&nbsp;<\/p>\n","protected":false},"excerpt":{"rendered":"<p>Federa\u00e7\u00e3o aponta quest\u00f5es do acordo de greve que n\u00e3o fazem parte do PL 4251\/15 e ainda n\u00e3o foram cumpridas. Por enquanto, uma boa not\u00edcia para os servidores p\u00fablicos federais. A C\u00e2mara dos Deputados aprovou na noite de ontem, 01, quatorze projetos de lei que constam o reajuste aos servidores do funcionalismo p\u00fablico. \u00a0A maioria \u00e9 [&hellip;]<\/p>\n","protected":false},"author":2,"featured_media":0,"comment_status":"open","ping_status":"open","sticky":false,"template":"","format":"standard","meta":[],"categories":[5,18],"tags":[],"_links":{"self":[{"href":"http:\/\/sintema.org.br\/sintema\/wp-json\/wp\/v2\/posts\/7503"}],"collection":[{"href":"http:\/\/sintema.org.br\/sintema\/wp-json\/wp\/v2\/posts"}],"about":[{"href":"http:\/\/sintema.org.br\/sintema\/wp-json\/wp\/v2\/types\/post"}],"author":[{"embeddable":true,"href":"http:\/\/sintema.org.br\/sintema\/wp-json\/wp\/v2\/users\/2"}],"replies":[{"embeddable":true,"href":"http:\/\/sintema.org.br\/sintema\/wp-json\/wp\/v2\/comments?post=7503"}],"version-history":[{"count":2,"href":"http:\/\/sintema.org.br\/sintema\/wp-json\/wp\/v2\/posts\/7503\/revisions"}],"predecessor-version":[{"id":7515,"href":"http:\/\/sintema.org.br\/sintema\/wp-json\/wp\/v2\/posts\/7503\/revisions\/7515"}],"wp:attachment":[{"href":"http:\/\/sintema.org.br\/sintema\/wp-json\/wp\/v2\/media?parent=7503"}],"wp:term":[{"taxonomy":"category","embeddable":true,"href":"http:\/\/sintema.org.br\/sintema\/wp-json\/wp\/v2\/categories?post=7503"},{"taxonomy":"post_tag","embeddable":true,"href":"http:\/\/sintema.org.br\/sintema\/wp-json\/wp\/v2\/tags?post=7503"}],"curies":[{"name":"wp","href":"https:\/\/api.w.org\/{rel}","templated":true}]}}