{"id":7519,"date":"2016-06-04T23:34:40","date_gmt":"2016-06-04T23:34:40","guid":{"rendered":"http:\/\/sintema.org.br\/sintema\/?p=7519"},"modified":"2016-06-04T23:37:26","modified_gmt":"2016-06-04T23:37:26","slug":"atencao-comissao-eleitoral-divulga-lista-de-associados-por-local-de-votacao","status":"publish","type":"post","link":"http:\/\/sintema.org.br\/sintema\/atencao-comissao-eleitoral-divulga-lista-de-associados-por-local-de-votacao\/","title":{"rendered":"Aten\u00e7\u00e3o &#8211; Comiss\u00e3o Eleitoral divulga lista de associados por local de vota\u00e7\u00e3o"},"content":{"rendered":"<p><a href=\"http:\/\/sintema.org.br\/sintema\/wp-content\/uploads\/2016\/06\/eleicao.jpg\"><img loading=\"lazy\" class=\"alignnone  wp-image-7521\" alt=\"eleicao\" src=\"http:\/\/sintema.org.br\/sintema\/wp-content\/uploads\/2016\/06\/eleicao-1024x615.jpg\" width=\"384\" height=\"230\" srcset=\"http:\/\/sintema.org.br\/sintema\/wp-content\/uploads\/2016\/06\/eleicao-1024x615.jpg 1024w, http:\/\/sintema.org.br\/sintema\/wp-content\/uploads\/2016\/06\/eleicao-300x180.jpg 300w, http:\/\/sintema.org.br\/sintema\/wp-content\/uploads\/2016\/06\/eleicao.jpg 1139w\" sizes=\"(max-width: 384px) 100vw, 384px\" \/><\/a><\/p>\n<p>A Comiss\u00e3o Eleitoral que conduz os trabalhos da elei\u00e7\u00e3o para a pr\u00f3xima Diretoria e Conselho Fiscal do Sintema, informa a lista nominal dos associados e seus respectivos locais de vota\u00e7\u00e3o. A elei\u00e7\u00e3o para a Dire\u00e7\u00e3o do Sintema acontece na pr\u00f3xima ter\u00e7a-feira, dia 07 de junho.<\/p>\n<p>Caso haja, no documento, diverg\u00eancia de informa\u00e7\u00f5es ou inexista o nome de associado devidamente sindicalizado e quite com a entidade, o interessado dever\u00e1 procurar imediatamente o Sintema, atrav\u00e9s do telefone: (98) 3232 &#8211; 1105, para tentar solucionar o problema.<\/p>\n<p><span style=\"color: #000080;\"><a title=\"LISTA DE VOTANTES\" href=\"http:\/\/sintema.org.br\/sintema\/wp-content\/uploads\/2016\/06\/NOMES_SE\u00c7\u00c3O.pdf\" target=\"_blank\"><span style=\"color: #000080;\">CLIQUE AQUI PARA ACESSAR A LISTA DE ASSOCIADOS POR LOCAL DE VOTA\u00c7\u00c3O.<\/span><\/a><\/span><\/p>\n<p><strong>Saiba mais sobre a elei\u00e7\u00e3o para a Diretoria e Conselho Fiscal do Sintema &#8211; <\/strong>tr\u00eas chapas se inscreveram e tiveram seus pedidos homologados pela Comiss\u00e3o. A chapas concorrentes s\u00e3o: Chapa 1 \u2013 Sempre na Luta; Chapa 2 \u2013 Sindicato \u00e9 pra Lutar!; e Chapa 3 \u2013 Mudar pra Valer! A chapa um \u00e9 liderada por S\u00f4nia Maria e Campos J\u00fanior; a chapa dois por Ademar Sena e Jorge Mendes; e a chapa tr\u00eas por Paulo de Tasso e Maria Raimunda.<\/p>\n<p>Os membros da Comiss\u00e3o Eleitoral <a href=\"http:\/\/sintema.org.br\/sintema\/?p=7345\" target=\"_blank\">eleitos em assembleia geral do dia 12 de abril<\/a>, s\u00e3o: Evaldo Ferrro Gomes Batista (PROEN\/UFMA); Gerson dos Santos Cardoso Silva (SINDMETAL); Sebasti\u00e3o de Araujo Pires (CCET\/UFMA); Carlos Augusto Santos Pereira (NUSPAD\/UFMA) e Maria Izabel Fraz\u00e3o Freire (SINDSEPMA).<\/p>\n<p>Eles nomearam como secret\u00e1ria da comiss\u00e3o, a colaboradora do sindicato, Fabiana Sousa. Conforme <a href=\"http:\/\/sintema.org.br\/sintema\/?p=7312\" target=\"_blank\">edital publicado<\/a>, a elei\u00e7\u00e3o para a diretoria ocorrer\u00e1, em primeira chamada, no dia 07 de junho de 2016, e o per\u00edodo para inscri\u00e7\u00e3o das chapas ocorreu de 26 de abril \u00e0 06 de maio de 2016.<\/p>\n<p>Atualmente as chapas desenvolvem campanha em busca de votos dos associados.<\/p>\n<p>&nbsp;<\/p>\n<p><strong><em>Imprensa Sintema.<\/em><\/strong><\/p>\n","protected":false},"excerpt":{"rendered":"<p>A Comiss\u00e3o Eleitoral que conduz os trabalhos da elei\u00e7\u00e3o para a pr\u00f3xima Diretoria e Conselho Fiscal do Sintema, informa a lista nominal dos associados e seus respectivos locais de vota\u00e7\u00e3o. A elei\u00e7\u00e3o para a Dire\u00e7\u00e3o do Sintema acontece na pr\u00f3xima ter\u00e7a-feira, dia 07 de junho. Caso haja, no documento, diverg\u00eancia de informa\u00e7\u00f5es ou inexista o [&hellip;]<\/p>\n","protected":false},"author":2,"featured_media":0,"comment_status":"open","ping_status":"open","sticky":false,"template":"","format":"standard","meta":[],"categories":[12,5],"tags":[],"_links":{"self":[{"href":"http:\/\/sintema.org.br\/sintema\/wp-json\/wp\/v2\/posts\/7519"}],"collection":[{"href":"http:\/\/sintema.org.br\/sintema\/wp-json\/wp\/v2\/posts"}],"about":[{"href":"http:\/\/sintema.org.br\/sintema\/wp-json\/wp\/v2\/types\/post"}],"author":[{"embeddable":true,"href":"http:\/\/sintema.org.br\/sintema\/wp-json\/wp\/v2\/users\/2"}],"replies":[{"embeddable":true,"href":"http:\/\/sintema.org.br\/sintema\/wp-json\/wp\/v2\/comments?post=7519"}],"version-history":[{"count":3,"href":"http:\/\/sintema.org.br\/sintema\/wp-json\/wp\/v2\/posts\/7519\/revisions"}],"predecessor-version":[{"id":7524,"href":"http:\/\/sintema.org.br\/sintema\/wp-json\/wp\/v2\/posts\/7519\/revisions\/7524"}],"wp:attachment":[{"href":"http:\/\/sintema.org.br\/sintema\/wp-json\/wp\/v2\/media?parent=7519"}],"wp:term":[{"taxonomy":"category","embeddable":true,"href":"http:\/\/sintema.org.br\/sintema\/wp-json\/wp\/v2\/categories?post=7519"},{"taxonomy":"post_tag","embeddable":true,"href":"http:\/\/sintema.org.br\/sintema\/wp-json\/wp\/v2\/tags?post=7519"}],"curies":[{"name":"wp","href":"https:\/\/api.w.org\/{rel}","templated":true}]}}