{"id":7525,"date":"2016-06-04T23:46:06","date_gmt":"2016-06-04T23:46:06","guid":{"rendered":"http:\/\/sintema.org.br\/sintema\/?p=7525"},"modified":"2016-06-04T23:51:33","modified_gmt":"2016-06-04T23:51:33","slug":"vitoria-do-sintema-contra-aumento-abusivo-da-geap-saude-repercutiu-no-pais-inteiro","status":"publish","type":"post","link":"http:\/\/sintema.org.br\/sintema\/vitoria-do-sintema-contra-aumento-abusivo-da-geap-saude-repercutiu-no-pais-inteiro\/","title":{"rendered":"Vit\u00f3ria do Sintema contra aumento abusivo da GEAP Sa\u00fade repercutiu no pa\u00eds inteiro"},"content":{"rendered":"<div id=\"yiv7838197482yui_3_16_0_ym19_1_1465079858161_5108\"><span style=\"font-family: times new roman,new york,times,serif;\">\u00a0<a href=\"http:\/\/sintema.org.br\/sintema\/wp-content\/uploads\/2014\/09\/vitoria.jpg\"><img loading=\"lazy\" class=\"alignnone  wp-image-5240\" alt=\"vitoria\" src=\"http:\/\/sintema.org.br\/sintema\/wp-content\/uploads\/2014\/09\/vitoria.jpg\" width=\"371\" height=\"308\" srcset=\"http:\/\/sintema.org.br\/sintema\/wp-content\/uploads\/2014\/09\/vitoria.jpg 619w, http:\/\/sintema.org.br\/sintema\/wp-content\/uploads\/2014\/09\/vitoria-300x248.jpg 300w\" sizes=\"(max-width: 371px) 100vw, 371px\" \/><\/a><\/span><\/div>\n<p><span id=\"yiv7838197482yui_3_16_0_ym19_1_1465079858161_5011\" style=\"font-family: times new roman,new york,times,serif;\"><b id=\"yiv7838197482yui_3_16_0_ym19_1_1465079858161_4417\">A FASUBRA publicou na p\u00e1gina da entidade na internet a not\u00edcia vitoriosa da sua filiada no Maranh\u00e3o conquistada dia 03 de maio. A conquista de uma decis\u00e3o contra o reajuste abusivo da GEAP repercutiu nos sindicatos de trabalhadores em educa\u00e7\u00e3o de todo o pa\u00eds, que movem pedidos parecidos nas Justi\u00e7as estaduais.<br \/>\n<\/b><\/span><\/p>\n<p>&nbsp;<\/p>\n<p>Confira a mat\u00e9ria publicada no site da Fasubra clicando <a title=\"materia FASUBRA\" href=\"http:\/\/www.fasubra.org.br\/index.php\/fasubra\/1054-geap-sintema\" target=\"_blank\">AQUI!<\/a><\/p>\n<p>&nbsp;<\/p>\n<p>A decis\u00e3o tamb\u00e9m repercutiu na pr\u00f3pria GEAP e fez com que o Conselho de Administra\u00e7\u00e3o da operadora, o CONAD, publicasse nota no dia 25 de maio, informando que pretende reduzir a mensalidade em 17,5%. Confira abaixo a nota publicada no jornal Correio Braziliense ou clicando <a title=\"NOTA\" href=\"http:\/\/www.fasubra.org.br\/index.php\/fasubra\/1067-geap-20\" target=\"_blank\">AQUI:<\/a><\/p>\n<p id=\"yiv7838197482yui_3_16_0_ym19_1_1465079858161_4757\"><span style=\"font-family: times new roman,new york,times,serif;\">\u00a0<\/span><\/p>\n<p id=\"yiv7838197482yui_3_16_0_ym19_1_1465079858161_4758\"><span id=\"yiv7838197482yui_3_16_0_ym19_1_1465079858161_4997\" style=\"font-family: times new roman,new york,times,serif;\">O Conselho de Administra\u00e7\u00e3o (Conad) da operadora de sa\u00fade Geap, anunciou em not\u00edcia veiculada no Correio Braziliense do dia 25 de maio, que pode reduzir a mensalidade dos associados de 37,5% para 20%. O reajuste do plano de sa\u00fade desde novembro de 2015, n\u00e3o agradou os servidores p\u00fablicos federais.<br \/>\n<\/span><\/p>\n<p id=\"yiv7838197482yui_3_16_0_ym19_1_1465079858161_5033\"><span id=\"yiv7838197482yui_3_16_0_ym19_1_1465079858161_4997\" style=\"font-family: times new roman,new york,times,serif;\">\u00a0<\/span><\/p>\n<p id=\"yiv7838197482yui_3_16_0_ym19_1_1465079858161_4740\"><span id=\"yiv7838197482yui_3_16_0_ym19_1_1465079858161_4931\" style=\"font-family: times new roman,new york,times,serif;\">Segundo a not\u00edcia, a revis\u00e3o do valor solicitada pelo conselheiro Rodrigo Andrade do Minist\u00e9rio da Sa\u00fade, pode ser votada at\u00e9 junho. O novo estudo atuarial permite que a redu\u00e7\u00e3o cubra a infla\u00e7\u00e3o do per\u00edodo, j\u00e1 que n\u00e3o houve reajuste na remunera\u00e7\u00e3o dos trabalhadores.<br \/>\n<\/span><\/p>\n<p id=\"yiv7838197482yui_3_16_0_ym19_1_1465079858161_5040\"><span id=\"yiv7838197482yui_3_16_0_ym19_1_1465079858161_4931\" style=\"font-family: times new roman,new york,times,serif;\">\u00a0<\/span><\/p>\n<p id=\"yiv7838197482yui_3_16_0_ym19_1_1465079858161_4742\"><span id=\"yiv7838197482yui_3_16_0_ym19_1_1465079858161_4932\" style=\"font-family: times new roman,new york,times,serif;\">De acordo com a reportagem, 172 mil benefici\u00e1rios entraram com liminares na justi\u00e7a para barrar o aumento e 23 mil abandonaram o plano. Para evitar o fim do plano, o Conad decidiu readequar os valores.<\/span><\/p>\n<p>&nbsp;<\/p>\n<div>\n<p>&nbsp;<\/p>\n<p id=\"yiv7838197482yui_3_16_0_ym19_1_1465079858161_4512\"><span id=\"yiv7838197482yui_3_16_0_ym19_1_1465079858161_5079\" style=\"font-family: times new roman,new york,times,serif;\"><span style=\"color: #339966;\"><strong>Saiba mais sobre a vit\u00f3ria do Sintema &#8211;<\/strong><\/span> A Dire\u00e7\u00e3o do Sintema \u2013 gest\u00e3o Unidade &amp; Trabalho, conquistou mais uma vit\u00f3ria para categoria, no dia 3 de maio.\u00a0 Uma decis\u00e3o liminar oriunda de uma a\u00e7\u00e3o judicial que requer a suspens\u00e3o do aumento nos valores dos planos da GEAP Sa\u00fade \u2013 movida no dia 17 de fevereiro pelo sindicato.<\/span><\/p>\n<p id=\"yiv7838197482yui_3_16_0_ym19_1_1465079858161_5065\"><span style=\"font-family: times new roman,new york,times,serif;\">\u00a0<\/span><\/p>\n<p id=\"yiv7838197482yui_3_16_0_ym19_1_1465079858161_4293\"><span id=\"yiv7838197482yui_3_16_0_ym19_1_1465079858161_5061\" style=\"font-family: times new roman,new york,times,serif;\">De acordo com o assessor jur\u00eddico do Sintema, advogado Glaydson Rodrigues, a Justi\u00e7a deferiu o pedido de urg\u00eancia realizado pelo SINTEMA no a\u00e7\u00e3o judicial. Consta na decis\u00e3o \u201cdetermino a suspens\u00e3o imediata dos efeitos da Resolu\u00e7\u00e3o GEAP\/CONAD\/ N\u00ba 099\/2015, impedindo por ora a GEAP AUTOGESTAO EM SAUDE em continuar cobrando o reajuste implantado em fevereiro de 2016, sob pena de multa de 40.000,00 (quarenta mil) reais por m\u00eas de desconto nos contracheques dos servidores, a contar do m\u00eas seguinte a sua intima\u00e7\u00e3o\u201d. <\/span><\/p>\n<p dir=\"ltr\" id=\"yiv7838197482yui_3_16_0_ym19_1_1465079858161_4295\"><span id=\"yiv7838197482yui_3_16_0_ym19_1_1465079858161_5059\" style=\"font-family: times new roman,new york,times,serif;\">\u201cAvaliamos que essa vit\u00f3ria inicial, mesmo que n\u00e3o sendo final, refor\u00e7a a tese defendida na a\u00e7\u00e3o contra o aumento abusivo\u201d, explicou o advogado.<\/span><\/p>\n<p dir=\"ltr\" id=\"yiv7838197482yui_3_16_0_ym19_1_1465079858161_4590\"><span style=\"font-family: times new roman,new york,times,serif;\">\u00a0<\/span><\/p>\n<p dir=\"ltr\" id=\"yiv7838197482yui_3_16_0_ym19_1_1465079858161_4343\"><span id=\"yiv7838197482yui_3_16_0_ym19_1_1465079858161_5080\" style=\"font-family: times new roman,new york,times,serif;\">O presidente do Sintema, Mariano Azevedo, comemorou a decis\u00e3o liminar e disse que a mesma \u00e9 reflexo do trabalho s\u00e9rio que a diretoria do sindicato vem desempenhando ao longo dos \u00faltimos anos. \u201cOs t\u00e9cnico-administrativos em educa\u00e7\u00e3o da UFMA, representados pelo SINTEMA s\u00e3o prioridade \u2013 sempre\u00a0 \u2013 para essa diretoria\u201d, afirmou Mariano Azevedo.<\/span><\/p>\n<p dir=\"ltr\" id=\"yiv7838197482yui_3_16_0_ym19_1_1465079858161_4602\"><span style=\"font-family: times new roman,new york,times,serif;\">\u00a0<\/span><\/p>\n<p dir=\"ltr\" id=\"yiv7838197482yui_3_16_0_ym19_1_1465079858161_4366\"><span id=\"yiv7838197482yui_3_16_0_ym19_1_1465079858161_5188\" style=\"font-family: times new roman,new york,times,serif;\">O diretor financeiro do sindicato, Ademar Sena, tamb\u00e9m disse estar feliz em saber da decis\u00e3o que suspende, segundo ele, um reajuste abusivo determinado pela GEAP. \u201c\u00c9 o resultado do nosso empenho em prol dos associados, por isso, essa decis\u00e3o refor\u00e7a que estamos no caminho certo\u201d, ressaltou Ademar.<\/span><\/p>\n<p dir=\"ltr\" id=\"yiv7838197482yui_3_16_0_ym19_1_1465079858161_4604\"><span style=\"font-family: times new roman,new york,times,serif;\">\u00a0<\/span><\/p>\n<p id=\"yiv7838197482yui_3_16_0_ym19_1_1465079858161_4414\"><span id=\"yiv7838197482yui_3_16_0_ym19_1_1465079858161_5056\" style=\"font-family: times new roman,new york,times,serif;\">De acordo com a decis\u00e3o do juiz Douglas de Melo Martins, titular da Vara de Interesses Difusos e Coletivos \u2013 o magistrado entendeu que h\u00e1 abusividade nos valores dos planos da empresa, por isso determinou a suspens\u00e3o imediata do reajuste.<\/span><\/p>\n<p>&nbsp;<\/p>\n<p><em><strong>Imprensa Sintema.<\/strong><\/em><\/p>\n<\/div>\n","protected":false},"excerpt":{"rendered":"<p>\u00a0 A FASUBRA publicou na p\u00e1gina da entidade na internet a not\u00edcia vitoriosa da sua filiada no Maranh\u00e3o conquistada dia 03 de maio. A conquista de uma decis\u00e3o contra o reajuste abusivo da GEAP repercutiu nos sindicatos de trabalhadores em educa\u00e7\u00e3o de todo o pa\u00eds, que movem pedidos parecidos nas Justi\u00e7as estaduais. &nbsp; Confira a [&hellip;]<\/p>\n","protected":false},"author":2,"featured_media":0,"comment_status":"open","ping_status":"open","sticky":false,"template":"","format":"standard","meta":[],"categories":[5],"tags":[],"_links":{"self":[{"href":"http:\/\/sintema.org.br\/sintema\/wp-json\/wp\/v2\/posts\/7525"}],"collection":[{"href":"http:\/\/sintema.org.br\/sintema\/wp-json\/wp\/v2\/posts"}],"about":[{"href":"http:\/\/sintema.org.br\/sintema\/wp-json\/wp\/v2\/types\/post"}],"author":[{"embeddable":true,"href":"http:\/\/sintema.org.br\/sintema\/wp-json\/wp\/v2\/users\/2"}],"replies":[{"embeddable":true,"href":"http:\/\/sintema.org.br\/sintema\/wp-json\/wp\/v2\/comments?post=7525"}],"version-history":[{"count":4,"href":"http:\/\/sintema.org.br\/sintema\/wp-json\/wp\/v2\/posts\/7525\/revisions"}],"predecessor-version":[{"id":7529,"href":"http:\/\/sintema.org.br\/sintema\/wp-json\/wp\/v2\/posts\/7525\/revisions\/7529"}],"wp:attachment":[{"href":"http:\/\/sintema.org.br\/sintema\/wp-json\/wp\/v2\/media?parent=7525"}],"wp:term":[{"taxonomy":"category","embeddable":true,"href":"http:\/\/sintema.org.br\/sintema\/wp-json\/wp\/v2\/categories?post=7525"},{"taxonomy":"post_tag","embeddable":true,"href":"http:\/\/sintema.org.br\/sintema\/wp-json\/wp\/v2\/tags?post=7525"}],"curies":[{"name":"wp","href":"https:\/\/api.w.org\/{rel}","templated":true}]}}