{"id":7780,"date":"2016-08-25T16:27:17","date_gmt":"2016-08-25T16:27:17","guid":{"rendered":"http:\/\/sintema.org.br\/sintema\/?p=7780"},"modified":"2016-08-25T16:27:17","modified_gmt":"2016-08-25T16:27:17","slug":"sintema-conclama-trabalhadores-em-educacao-para-assembleia-geral-no-proximo-dia-31","status":"publish","type":"post","link":"http:\/\/sintema.org.br\/sintema\/sintema-conclama-trabalhadores-em-educacao-para-assembleia-geral-no-proximo-dia-31\/","title":{"rendered":"Sintema conclama trabalhadores em educa\u00e7\u00e3o para assembleia geral no pr\u00f3ximo dia 31"},"content":{"rendered":"<div data-contents=\"true\">\n<div data-offset-key=\"4967r-0-0\" data-editor=\"5r23b\" data-block=\"true\">\n<div data-offset-key=\"4967r-0-0\">A Dire\u00e7\u00e3o do Sintema, gest\u00e3o &#8220;Sindicato \u00e9 pra Lutar&#8221;, convoca os trabalhadores em educa\u00e7\u00e3o da UFMA, para participarem de assembleia geral no pr\u00f3ximo dia 31 de agosto, \u00e0s 9 horas, no hall do pr\u00e9dio Castel\u00e3o.<\/div>\n<\/div>\n<div data-offset-key=\"b5mif-0-0\" data-editor=\"5r23b\" data-block=\"true\"><\/div>\n<div data-offset-key=\"3v439-0-0\" data-editor=\"5r23b\" data-block=\"true\">\n<div data-offset-key=\"3v439-0-0\">Na oportunidade, o Sintema repassar\u00e1 informes locais e nacionais sobre os \u00faltimos acontecimentos que envolvem a categoria. A pauta principal \u00e9 a escolha de delegados \u00e0 Plen\u00e1ria da Fasubra.<\/div>\n<\/div>\n<div data-offset-key=\"ddd2a-0-0\" data-editor=\"5r23b\" data-block=\"true\"><\/div>\n<div data-offset-key=\"4eu4h-0-0\" data-editor=\"5r23b\" data-block=\"true\">\n<div data-offset-key=\"4eu4h-0-0\">Confira abaixo a convocat\u00f3ria:<\/div>\n<div data-offset-key=\"4eu4h-0-0\"><\/div>\n<div data-offset-key=\"4eu4h-0-0\"><a href=\"http:\/\/sintema.org.br\/sintema\/wp-content\/uploads\/2016\/08\/ass1234563.jpg\"><img loading=\"lazy\" class=\"alignnone size-full wp-image-7783\" alt=\"ass1234563\" src=\"http:\/\/sintema.org.br\/sintema\/wp-content\/uploads\/2016\/08\/ass1234563.jpg\" width=\"482\" height=\"681\" srcset=\"http:\/\/sintema.org.br\/sintema\/wp-content\/uploads\/2016\/08\/ass1234563.jpg 482w, http:\/\/sintema.org.br\/sintema\/wp-content\/uploads\/2016\/08\/ass1234563-212x300.jpg 212w\" sizes=\"(max-width: 482px) 100vw, 482px\" \/><\/a><\/div>\n<div data-offset-key=\"4eu4h-0-0\"><\/div>\n<\/div>\n<\/div>\n<p>&nbsp;<\/p>\n<p>&nbsp;<\/p>\n","protected":false},"excerpt":{"rendered":"<p>A Dire\u00e7\u00e3o do Sintema, gest\u00e3o &#8220;Sindicato \u00e9 pra Lutar&#8221;, convoca os trabalhadores em educa\u00e7\u00e3o da UFMA, para participarem de assembleia geral no pr\u00f3ximo dia 31 de agosto, \u00e0s 9 horas, no hall do pr\u00e9dio Castel\u00e3o. Na oportunidade, o Sintema repassar\u00e1 informes locais e nacionais sobre os \u00faltimos acontecimentos que envolvem a categoria. A pauta principal [&hellip;]<\/p>\n","protected":false},"author":2,"featured_media":0,"comment_status":"open","ping_status":"open","sticky":false,"template":"","format":"standard","meta":[],"categories":[5,18],"tags":[],"_links":{"self":[{"href":"http:\/\/sintema.org.br\/sintema\/wp-json\/wp\/v2\/posts\/7780"}],"collection":[{"href":"http:\/\/sintema.org.br\/sintema\/wp-json\/wp\/v2\/posts"}],"about":[{"href":"http:\/\/sintema.org.br\/sintema\/wp-json\/wp\/v2\/types\/post"}],"author":[{"embeddable":true,"href":"http:\/\/sintema.org.br\/sintema\/wp-json\/wp\/v2\/users\/2"}],"replies":[{"embeddable":true,"href":"http:\/\/sintema.org.br\/sintema\/wp-json\/wp\/v2\/comments?post=7780"}],"version-history":[{"count":3,"href":"http:\/\/sintema.org.br\/sintema\/wp-json\/wp\/v2\/posts\/7780\/revisions"}],"predecessor-version":[{"id":7784,"href":"http:\/\/sintema.org.br\/sintema\/wp-json\/wp\/v2\/posts\/7780\/revisions\/7784"}],"wp:attachment":[{"href":"http:\/\/sintema.org.br\/sintema\/wp-json\/wp\/v2\/media?parent=7780"}],"wp:term":[{"taxonomy":"category","embeddable":true,"href":"http:\/\/sintema.org.br\/sintema\/wp-json\/wp\/v2\/categories?post=7780"},{"taxonomy":"post_tag","embeddable":true,"href":"http:\/\/sintema.org.br\/sintema\/wp-json\/wp\/v2\/tags?post=7780"}],"curies":[{"name":"wp","href":"https:\/\/api.w.org\/{rel}","templated":true}]}}