{"id":7786,"date":"2016-08-29T20:40:58","date_gmt":"2016-08-29T20:40:58","guid":{"rendered":"http:\/\/sintema.org.br\/sintema\/?p=7786"},"modified":"2016-08-29T20:40:58","modified_gmt":"2016-08-29T20:40:58","slug":"audiencia-discute-pec-24116-que-congela-gastos-com-politicas-publicas-em-20-anos","status":"publish","type":"post","link":"http:\/\/sintema.org.br\/sintema\/audiencia-discute-pec-24116-que-congela-gastos-com-politicas-publicas-em-20-anos\/","title":{"rendered":"Audi\u00eancia discute PEC 241\/16 que congela gastos com pol\u00edticas p\u00fablicas em 20 anos"},"content":{"rendered":"<p dir=\"ltr\"><a href=\"http:\/\/sintema.org.br\/sintema\/wp-content\/uploads\/2016\/08\/Audincia-PEC-241.jpg\"><img loading=\"lazy\" class=\"alignnone  wp-image-7787\" alt=\"Audincia PEC 241\" src=\"http:\/\/sintema.org.br\/sintema\/wp-content\/uploads\/2016\/08\/Audincia-PEC-241.jpg\" width=\"518\" height=\"389\" \/><\/a><\/p>\n<p dir=\"ltr\">Proposta n\u00e3o afeta as despesas com juros e amortiza\u00e7\u00e3o da d\u00edvida p\u00fablica, que consome cerca de 50% do Or\u00e7amento da Uni\u00e3o.<\/p>\n<p>&nbsp;<\/p>\n<p dir=\"ltr\">Em audi\u00eancia p\u00fablica na manh\u00e3 do dia 24, na comiss\u00e3o especial da C\u00e2mara dos Deputados, os ministros da Fazenda, Henrique Meirelles e do Planejamento Dyogo Oliveira defenderam a <a href=\"http:\/\/www.camara.gov.br\/proposicoesWeb\/fichadetramitacao?idProposicao=2088351\"><strong>Proposta de Emenda \u00e0 Constitui\u00e7\u00e3o (PEC) 241 de 2016<\/strong><\/a>, que reduz os gastos p\u00fablicos em 20 anos comprometendo as \u00e1reas da sa\u00fade, educa\u00e7\u00e3o e seguran\u00e7a.<\/p>\n<p dir=\"ltr\">\n<p dir=\"ltr\">A FASUBRA Sindical acompanhou o debate representada pelos coordenadores Eur\u00eddice Almeida e Fernando Salvador Pedro. A proposta n\u00e3o afeta as despesas com juros e amortiza\u00e7\u00e3o da d\u00edvida p\u00fablica, que consome cerca de 50% do Or\u00e7amento da Uni\u00e3o, por\u00e9m, os gastos nas \u00e1reas de sa\u00fade e educa\u00e7\u00e3o ser\u00e3o corrigidos pela infla\u00e7\u00e3o do per\u00edodo (IPCA).<\/p>\n<p dir=\"ltr\">\n<p dir=\"ltr\"><img loading=\"lazy\" alt=\"\" src=\"http:\/\/fasubra.org.br\/images\/2016\/Agosto\/Audincia%20PEC%20241%20-%201.jpg\" width=\"484\" height=\"363\" \/><\/p>\n<p>&nbsp;<\/p>\n<p dir=\"ltr\">A Federa\u00e7\u00e3o destaca que em 2015 os gastos com sa\u00fade e educa\u00e7\u00e3o n\u00e3o passaram de 4%. As pol\u00edticas p\u00fablicas ser\u00e3o gravemente afetadas pela PEC 241\/16, que afronta direitos constitucionais conquistados, promovendo o desmonte das pol\u00edticas p\u00fablicas.<\/p>\n<p>&nbsp;<\/p>\n<div dir=\"ltr\">\n<table>\n<colgroup>\n<col width=\"89\" \/>\n<col width=\"80\" \/>\n<col width=\"93\" \/><\/colgroup>\n<tbody>\n<tr>\n<td>\n<p dir=\"ltr\">Ano<\/p>\n<\/td>\n<td>\n<p dir=\"ltr\">Sa\u00fade<\/p>\n<\/td>\n<td>\n<p dir=\"ltr\">Educa\u00e7\u00e3o<\/p>\n<\/td>\n<\/tr>\n<tr>\n<td>\n<p dir=\"ltr\">2014<\/p>\n<\/td>\n<td>\n<p dir=\"ltr\">3,98%<\/p>\n<\/td>\n<td>\n<p dir=\"ltr\">3,73%<\/p>\n<\/td>\n<\/tr>\n<tr>\n<td>\n<p dir=\"ltr\">2015<\/p>\n<\/td>\n<td>\n<p dir=\"ltr\">4,14%<\/p>\n<\/td>\n<td>\n<p dir=\"ltr\">3,91%<\/p>\n<\/td>\n<\/tr>\n<\/tbody>\n<\/table>\n<\/div>\n<p dir=\"ltr\">Fonte: Auditoria Cidad\u00e3 da D\u00edvida<\/p>\n<p>&nbsp;<\/p>\n<p dir=\"ltr\">Houve discord\u00e2ncias por parte de parlamentares aliados ao governo interino, que tem focado apenas o corte de despesas. A Consultoria de Or\u00e7amento e Fiscaliza\u00e7\u00e3o Financeira da C\u00e2mara dos Deputados lan\u00e7ou uma<a href=\"http:\/\/www2.camara.leg.br\/atividade-legislativa\/orcamentobrasil\/et-12-2016-impactos-do-novo-regime-fiscal-subsidios-a-analise-da-proposta-de-emenda-a-constituicao-pec-no-241-2016\"><strong> nota t\u00e9cnica<\/strong><\/a> referente \u00e0 necessidade de aprova\u00e7\u00e3o da PEC 241\/16.<\/p>\n<p>&nbsp;<\/p>\n<p dir=\"ltr\">A primeira conclus\u00e3o responsabiliza o aumento das despesas ao longo dos anos pelo d\u00e9ficit prim\u00e1rio em tr\u00eas anos consecutivos, sem considerar outros fatores de ordem econ\u00f4mica.<\/p>\n<p>&nbsp;<\/p>\n<p dir=\"ltr\">Pela proposta, os limites corrigidos pela varia\u00e7\u00e3o do IPCA do ano corrente tamb\u00e9m ser\u00e1 aplicado \u00e0 Lei de Diretrizes Or\u00e7ament\u00e1rias (LDO) e \u00e0 Lei Or\u00e7ament\u00e1ria Anual (LOA).<\/p>\n<p dir=\"ltr\">Conjuntura Econ\u00f4mica<\/p>\n<p dir=\"ltr\">De acordo com Thiago Oliveira, economista do Departamento Intersindical de Estat\u00edsticas e Estudos Socioecon\u00f4micos (Dieese) na 12\u00ba Jornada Nacional de Debates que discutiu o tema \u201cDesafios da Negocia\u00e7\u00e3o Coletiva em Cen\u00e1rio de Crise\u201d \u00a0relizada em maio, a conjuntura econ\u00f4mica apresenta uma crise econ\u00f4mica acentuada nos \u00faltimos anos e \u201ch\u00e1 diversas interpreta\u00e7\u00f5es sobre as causas da crise e v\u00e1rias interpreta\u00e7\u00f5es sobre as solu\u00e7\u00f5es\u201d.<\/p>\n<p dir=\"ltr\">\n<p dir=\"ltr\">Interpreta\u00e7\u00e3o das an\u00e1lises<\/p>\n<p dir=\"ltr\">Para Oliveira, um grupo de economistas culpa o excesso de interven\u00e7\u00e3o do estado na economia, alguns culpam a Constitui\u00e7\u00e3o Federal que prev\u00ea direitos e pol\u00edticas sociais e outros culpam o ajuste fiscal praticado pelo governo a partir de 2014. Na opini\u00e3o do economista, \u201cnem uma coisa, nem outra \u00e9 culpada\u201d.<\/p>\n<p dir=\"ltr\">\n<p dir=\"ltr\">Segundo o economista, a partir de 2014 a economia brasileira seguiu \u201cna banguela\u201d, ap\u00f3s a recupera\u00e7\u00e3o intensa da crise mundial de 2008. Segundo o economista, a economia brasileira em 2014 se diferencia da economia mundial, \u201cn\u00e3o h\u00e1 explica\u00e7\u00e3o f\u00e1cil, s\u00e3o diversas causas para entender\u201d. Uma delas est\u00e1 ligada \u00e0 economia chinesa e mundial, principalmente com o aumento das commodities (soja, milho, leite e etc.). Ap\u00f3s a desacelera\u00e7\u00e3o do seu crescimento, a China chega a ter o PIB de6,7%.\u201cH\u00e1 tamb\u00e9m um componente externo que explica parte do encolhimento da economia brasileira\u201d.<\/p>\n<p dir=\"ltr\">Causas<\/p>\n<p dir=\"ltr\">Para Oliveira, a economia de recursos que o governo utiliza para pagar as d\u00edvidas, a amplia\u00e7\u00e3o das taxas de juros, as pol\u00edticas fiscais e monet\u00e1rias restritivas, crises h\u00eddrica e energ\u00e9tica, quest\u00f5es clim\u00e1ticas adversas que comprometeram a agricultura, o acirramento pol\u00edtico como fator preponderante e a Opera\u00e7\u00e3o Lava Jato, s\u00e3o uma s\u00e9rie de fatores que se somam desde 2011.<\/p>\n<p dir=\"ltr\">\n<p dir=\"ltr\">O aumento dos juros acompanhou o aumento da infla\u00e7\u00e3o, causado pelo ajuste fiscal de 2014. O reajuste de pre\u00e7os administrativos de uma s\u00f3 vez causouimportanteimpacto sobre a infla\u00e7\u00e3o. \u201cAs taxas de juros extremamente elevadas n\u00e3o conseguem diminuir a infla\u00e7\u00e3o\u201d, afirmou o economista.<\/p>\n<p dir=\"ltr\">\n<p dir=\"ltr\">De acordo com o palestrante, \u201ccom o aprofundamento da recess\u00e3o h\u00e1 um afrouxamento da infla\u00e7\u00e3o, a estimativa \u00e9 que em 2016 a infla\u00e7\u00e3o feche em 7 %\u201d. A desacelera\u00e7\u00e3o econ\u00f4mica, segundo Oliveira, vem desde 2013, mas a partir de 2015 a taxa de desemprego sofreu uma alta de 9,5%.<\/p>\n<p>&nbsp;<\/p>\n<p dir=\"ltr\">Assessoria de Comunica\u00e7\u00e3o FASUBRA Sindical<\/p>\n","protected":false},"excerpt":{"rendered":"<p>Proposta n\u00e3o afeta as despesas com juros e amortiza\u00e7\u00e3o da d\u00edvida p\u00fablica, que consome cerca de 50% do Or\u00e7amento da Uni\u00e3o. &nbsp; Em audi\u00eancia p\u00fablica na manh\u00e3 do dia 24, na comiss\u00e3o especial da C\u00e2mara dos Deputados, os ministros da Fazenda, Henrique Meirelles e do Planejamento Dyogo Oliveira defenderam a Proposta de Emenda \u00e0 Constitui\u00e7\u00e3o [&hellip;]<\/p>\n","protected":false},"author":2,"featured_media":0,"comment_status":"open","ping_status":"open","sticky":false,"template":"","format":"standard","meta":[],"categories":[5,18],"tags":[],"_links":{"self":[{"href":"http:\/\/sintema.org.br\/sintema\/wp-json\/wp\/v2\/posts\/7786"}],"collection":[{"href":"http:\/\/sintema.org.br\/sintema\/wp-json\/wp\/v2\/posts"}],"about":[{"href":"http:\/\/sintema.org.br\/sintema\/wp-json\/wp\/v2\/types\/post"}],"author":[{"embeddable":true,"href":"http:\/\/sintema.org.br\/sintema\/wp-json\/wp\/v2\/users\/2"}],"replies":[{"embeddable":true,"href":"http:\/\/sintema.org.br\/sintema\/wp-json\/wp\/v2\/comments?post=7786"}],"version-history":[{"count":1,"href":"http:\/\/sintema.org.br\/sintema\/wp-json\/wp\/v2\/posts\/7786\/revisions"}],"predecessor-version":[{"id":7788,"href":"http:\/\/sintema.org.br\/sintema\/wp-json\/wp\/v2\/posts\/7786\/revisions\/7788"}],"wp:attachment":[{"href":"http:\/\/sintema.org.br\/sintema\/wp-json\/wp\/v2\/media?parent=7786"}],"wp:term":[{"taxonomy":"category","embeddable":true,"href":"http:\/\/sintema.org.br\/sintema\/wp-json\/wp\/v2\/categories?post=7786"},{"taxonomy":"post_tag","embeddable":true,"href":"http:\/\/sintema.org.br\/sintema\/wp-json\/wp\/v2\/tags?post=7786"}],"curies":[{"name":"wp","href":"https:\/\/api.w.org\/{rel}","templated":true}]}}