{"id":82,"date":"2012-08-13T18:52:37","date_gmt":"2012-08-13T18:52:37","guid":{"rendered":"http:\/\/localhost\/wordpress\/?p=82"},"modified":"2012-08-30T13:34:25","modified_gmt":"2012-08-30T13:34:25","slug":"obituario-marcos-macedo-amaral","status":"publish","type":"post","link":"http:\/\/sintema.org.br\/sintema\/obituario-marcos-macedo-amaral\/","title":{"rendered":"Obitu\u00e1rio &#8211; MARCOS MACEDO AMARAL"},"content":{"rendered":"<p align=\"justify\"><span style=\"font-family: Calibri;\"><a href=\"http:\/\/sintema.org.br\/sintema\/wp-content\/uploads\/2012\/08\/20120710140433obti.jpg\"><img loading=\"lazy\" class=\"alignnone size-full wp-image-208\" title=\"20120710140433obti\" src=\"http:\/\/sintema.org.br\/sintema\/wp-content\/uploads\/2012\/08\/20120710140433obti.jpg\" alt=\"\" width=\"285\" height=\"177\" \/><\/a><\/span><\/p>\n<p align=\"justify\"><span style=\"font-family: Calibri;\">A Diretoria do Sintema comunica a toda categoria o falecimento do diretor da entidade, MARCOS MACEDO AMARAL, ocorrido neste s\u00e1bado, 28 de janeiro de 2012.<\/span><\/p>\n<p align=\"justify\"><span style=\"font-family: Calibri;\">\u00a0<\/span><\/p>\n<p align=\"justify\"><span style=\"font-family: Calibri;\">Marcos Amaral era Economista aposentado da UFMA,\u00a0faleceu no Hospital S\u00e3o Domingos\u00a0onde\u00a0estava internado, e caso estivesse vivo completaria 71 anos hoje. <\/span><\/p>\n<p align=\"justify\"><span style=\"font-family: Calibri;\">\u00a0<\/span><\/p>\n<p align=\"justify\"><span style=\"font-family: Calibri;\">\u00c9 com muito pesar que todos (Diretores, Funcion\u00e1rios e Colaboradores) que fazem o Sintema, recebem esta triste not\u00edcia. Marcos sempre foi al\u00e9m de servidor p\u00fablico dedicado, militante e dirigente sindical prestativo, respons\u00e1vel e s\u00e9rio em suas a\u00e7\u00f5es. O mundo fica mais vazio a partir de hoje.<\/span><\/p>\n<p>&nbsp;<\/p>\n<p align=\"justify\"><span style=\"font-family: Calibri;\">Marcos <\/span><span style=\"font-family: Calibri;\">Amaral foi s\u00f3cio-fundador do Sintema, Presidente da Associa\u00e7\u00e3o dos Servidores da Ufma \u2013 ASSUMA, e dirigente do Sintema por diversas gest\u00f5es. Atualmente, Amaral exercia o cargo de diretor de finan\u00e7as da entidade. Foi tamb\u00e9m diretor do MAC (Maranh\u00e3o Atl\u00e9tico Clube) e grande desportista. \u00a0\u00a0<\/span><\/p>\n<p align=\"justify\"><span style=\"font-family: Calibri;\">O\u00a0corpo\u00a0est\u00e1 sendo velado\u00a0na Central de\u00a0vel\u00f3rios da\u00a0Pax Uni\u00e3o (Rua Grande, Centro &#8211; Pr\u00f3ximo\u00a0\u00e0 Caixa d&#8217;\u00e1gua), sala 04. <\/span><\/p>\n<p>&nbsp;<\/p>\n<p><span style=\"font-family: Calibri;\">Abaixo, alguns registros do diretor Marcos Amaral.<\/span><\/p>\n<p><span style=\"font-family: Calibri;\"><a href=\"http:\/\/sintema.org.br\/sintema\/wp-content\/uploads\/2012\/08\/seumarcos.jpg\"><img loading=\"lazy\" class=\"alignnone size-thumbnail wp-image-205\" title=\"seumarcos\" src=\"http:\/\/sintema.org.br\/sintema\/wp-content\/uploads\/2012\/08\/seumarcos-150x150.jpg\" alt=\"\" width=\"150\" height=\"150\" \/><\/a><\/span><\/p>\n<p><a href=\"http:\/\/sintema.org.br\/sintema\/wp-content\/uploads\/2012\/08\/seumarcostres.jpg\"><img loading=\"lazy\" class=\"alignnone  wp-image-206\" title=\"seumarcostres\" src=\"http:\/\/sintema.org.br\/sintema\/wp-content\/uploads\/2012\/08\/seumarcostres-1024x768.jpg\" alt=\"\" width=\"384\" height=\"288\" srcset=\"http:\/\/sintema.org.br\/sintema\/wp-content\/uploads\/2012\/08\/seumarcostres-1024x768.jpg 1024w, http:\/\/sintema.org.br\/sintema\/wp-content\/uploads\/2012\/08\/seumarcostres-300x225.jpg 300w\" sizes=\"(max-width: 384px) 100vw, 384px\" \/><\/a><\/p>\n<p>Fonte: Imprensa Sintema<\/p>\n","protected":false},"excerpt":{"rendered":"<p>A Diretoria do Sintema comunica a toda categoria o falecimento do diretor da entidade, MARCOS MACEDO AMARAL, ocorrido neste s\u00e1bado, 28 de janeiro de 2012. \u00a0 Marcos Amaral era Economista aposentado da UFMA,\u00a0faleceu no Hospital S\u00e3o Domingos\u00a0onde\u00a0estava internado, e caso estivesse vivo completaria 71 anos hoje. \u00a0 \u00c9 com muito pesar que todos (Diretores, Funcion\u00e1rios [&hellip;]<\/p>\n","protected":false},"author":1,"featured_media":0,"comment_status":"open","ping_status":"open","sticky":false,"template":"","format":"standard","meta":[],"categories":[5,8],"tags":[],"_links":{"self":[{"href":"http:\/\/sintema.org.br\/sintema\/wp-json\/wp\/v2\/posts\/82"}],"collection":[{"href":"http:\/\/sintema.org.br\/sintema\/wp-json\/wp\/v2\/posts"}],"about":[{"href":"http:\/\/sintema.org.br\/sintema\/wp-json\/wp\/v2\/types\/post"}],"author":[{"embeddable":true,"href":"http:\/\/sintema.org.br\/sintema\/wp-json\/wp\/v2\/users\/1"}],"replies":[{"embeddable":true,"href":"http:\/\/sintema.org.br\/sintema\/wp-json\/wp\/v2\/comments?post=82"}],"version-history":[{"count":3,"href":"http:\/\/sintema.org.br\/sintema\/wp-json\/wp\/v2\/posts\/82\/revisions"}],"predecessor-version":[{"id":207,"href":"http:\/\/sintema.org.br\/sintema\/wp-json\/wp\/v2\/posts\/82\/revisions\/207"}],"wp:attachment":[{"href":"http:\/\/sintema.org.br\/sintema\/wp-json\/wp\/v2\/media?parent=82"}],"wp:term":[{"taxonomy":"category","embeddable":true,"href":"http:\/\/sintema.org.br\/sintema\/wp-json\/wp\/v2\/categories?post=82"},{"taxonomy":"post_tag","embeddable":true,"href":"http:\/\/sintema.org.br\/sintema\/wp-json\/wp\/v2\/tags?post=82"}],"curies":[{"name":"wp","href":"https:\/\/api.w.org\/{rel}","templated":true}]}}