{"id":9440,"date":"2017-12-20T15:02:58","date_gmt":"2017-12-20T15:02:58","guid":{"rendered":"http:\/\/sintema.org.br\/sintema\/?p=9440"},"modified":"2017-12-20T15:02:58","modified_gmt":"2017-12-20T15:02:58","slug":"plantao-juridico-atendimento-no-sintema-estara-suspenso-no-periodo-de-recesso","status":"publish","type":"post","link":"http:\/\/sintema.org.br\/sintema\/plantao-juridico-atendimento-no-sintema-estara-suspenso-no-periodo-de-recesso\/","title":{"rendered":"PLANT\u00c3O JUR\u00cdDICO | Atendimento no Sintema estar\u00e1 suspenso no per\u00edodo de recesso"},"content":{"rendered":"<p><a href=\"http:\/\/sintema.org.br\/sintema\/wp-content\/uploads\/2017\/12\/juridico.jpg\"><img loading=\"lazy\" class=\"alignnone size-medium wp-image-9441\" src=\"http:\/\/sintema.org.br\/sintema\/wp-content\/uploads\/2017\/12\/juridico-300x212.jpg\" alt=\"\" width=\"300\" height=\"212\" srcset=\"http:\/\/sintema.org.br\/sintema\/wp-content\/uploads\/2017\/12\/juridico-300x212.jpg 300w, http:\/\/sintema.org.br\/sintema\/wp-content\/uploads\/2017\/12\/juridico.jpg 666w\" sizes=\"(max-width: 300px) 100vw, 300px\" \/><\/a><\/p>\n<p>O atendimento jur\u00eddico na sede do Sintema estar\u00e1 suspenso no per\u00edodo de 20.12.2017 a 17.01.2018.<\/p>\n<p>A suspens\u00e3o se deve ao per\u00edodo de recesso dos advogados, que t\u00eam f\u00e9rias coletivas no per\u00edodo de 20 de dezembro a 20 de janeiro de cada ano, concedidas pelo Poder Judici\u00e1rio.<\/p>\n<p>No per\u00edodo, todos os prazos processuais permanecem suspensos no Judici\u00e1rio, que tamb\u00e9m est\u00e1 em recesso forense de 20.12.17 a 07.01.2018, funcionando apenas para casos urgentes por meio do Plant\u00e3o Judici\u00e1rio.<\/p>\n","protected":false},"excerpt":{"rendered":"<p>O atendimento jur\u00eddico na sede do Sintema estar\u00e1 suspenso no per\u00edodo de 20.12.2017 a 17.01.2018. A suspens\u00e3o se deve ao per\u00edodo de recesso dos advogados, que t\u00eam f\u00e9rias coletivas no per\u00edodo de 20 de dezembro a 20 de janeiro de cada ano, concedidas pelo Poder Judici\u00e1rio. No per\u00edodo, todos os prazos processuais permanecem suspensos no [&hellip;]<\/p>\n","protected":false},"author":2,"featured_media":0,"comment_status":"open","ping_status":"open","sticky":false,"template":"","format":"standard","meta":[],"categories":[5],"tags":[],"_links":{"self":[{"href":"http:\/\/sintema.org.br\/sintema\/wp-json\/wp\/v2\/posts\/9440"}],"collection":[{"href":"http:\/\/sintema.org.br\/sintema\/wp-json\/wp\/v2\/posts"}],"about":[{"href":"http:\/\/sintema.org.br\/sintema\/wp-json\/wp\/v2\/types\/post"}],"author":[{"embeddable":true,"href":"http:\/\/sintema.org.br\/sintema\/wp-json\/wp\/v2\/users\/2"}],"replies":[{"embeddable":true,"href":"http:\/\/sintema.org.br\/sintema\/wp-json\/wp\/v2\/comments?post=9440"}],"version-history":[{"count":1,"href":"http:\/\/sintema.org.br\/sintema\/wp-json\/wp\/v2\/posts\/9440\/revisions"}],"predecessor-version":[{"id":9442,"href":"http:\/\/sintema.org.br\/sintema\/wp-json\/wp\/v2\/posts\/9440\/revisions\/9442"}],"wp:attachment":[{"href":"http:\/\/sintema.org.br\/sintema\/wp-json\/wp\/v2\/media?parent=9440"}],"wp:term":[{"taxonomy":"category","embeddable":true,"href":"http:\/\/sintema.org.br\/sintema\/wp-json\/wp\/v2\/categories?post=9440"},{"taxonomy":"post_tag","embeddable":true,"href":"http:\/\/sintema.org.br\/sintema\/wp-json\/wp\/v2\/tags?post=9440"}],"curies":[{"name":"wp","href":"https:\/\/api.w.org\/{rel}","templated":true}]}}