{"id":9444,"date":"2017-12-24T01:09:57","date_gmt":"2017-12-24T01:09:57","guid":{"rendered":"http:\/\/sintema.org.br\/sintema\/?p=9444"},"modified":"2017-12-24T01:09:57","modified_gmt":"2017-12-24T01:09:57","slug":"categoria-aprova-suspensao-da-greve-e-retorno-ao-trabalho","status":"publish","type":"post","link":"http:\/\/sintema.org.br\/sintema\/categoria-aprova-suspensao-da-greve-e-retorno-ao-trabalho\/","title":{"rendered":"Categoria aprova suspens\u00e3o da greve e retorno ao trabalho"},"content":{"rendered":"<p dir=\"ltr\"><a href=\"http:\/\/sintema.org.br\/sintema\/wp-content\/uploads\/2017\/12\/Assufop-web.jpg\"><img loading=\"lazy\" class=\"alignnone wp-image-9445 \" src=\"http:\/\/sintema.org.br\/sintema\/wp-content\/uploads\/2017\/12\/Assufop-web.jpg\" alt=\"\" width=\"509\" height=\"221\" srcset=\"http:\/\/sintema.org.br\/sintema\/wp-content\/uploads\/2017\/12\/Assufop-web.jpg 640w, http:\/\/sintema.org.br\/sintema\/wp-content\/uploads\/2017\/12\/Assufop-web-300x130.jpg 300w\" sizes=\"(max-width: 509px) 100vw, 509px\" \/><\/a><\/p>\n<p dir=\"ltr\">Em 2018, a luta continua!<\/p>\n<p>&nbsp;<\/p>\n<p dir=\"ltr\">A greve nacional da FASUBRA chega ao fim ap\u00f3s 40 dias de paralisa\u00e7\u00e3o dos trabalhadores t\u00e9cnico-administrativos em educa\u00e7\u00e3o das institui\u00e7\u00f5es federais p\u00fablicas do pa\u00eds. &nbsp;O indicativo de suspens\u00e3o do movimento paredista do Comando Nacional de Greve (CNG) para o dia 19 de dezembro, foi aprovado pela Categoria.<\/p>\n<p>&nbsp;<\/p>\n<p dir=\"ltr\">Para o CNG, o adiamento da reforma da Previd\u00eancia Social somado \u00e0 resist\u00eancia contra a reestrutura\u00e7\u00e3o da carreira, \u201c\u00e9 uma vit\u00f3ria da Base da Federa\u00e7\u00e3o e do conjunto dos trabalhadores que durante este ano realizaram v\u00e1rias lutas, se expressaram na greve geral de abril e no Ocupa Bras\u00edlia\u201d. A Categoria &nbsp;mais uma vez foi protagonista com a deflagra\u00e7\u00e3o do movimento paredista, mantendo a disposi\u00e7\u00e3o de luta e resist\u00eancia frente aos ataques do governo.<\/p>\n<p>&nbsp;<\/p>\n<p dir=\"ltr\">A FASUBRA sai vitoriosa, por\u00e9m, ser\u00e1 necess\u00e1rio manter a vigil\u00e2ncia diante da conjuntura de ataques em constru\u00e7\u00e3o da unidade com as entidades do servi\u00e7o p\u00fablico federal, para os novos enfrentamentos em 2018.<\/p>\n<p>&nbsp;<\/p>\n<p dir=\"ltr\">Para a CNG, o governo permanece articulado na busca por votos para aprovar a reforma. \u201cJaneiro ser\u00e1 um m\u00eas at\u00edpico, precisamos continuar realizando reuni\u00f5es, assembleias, atos, mesmo existindo o esvaziamento natural, devido ao recesso e as f\u00e9rias. Manter os chamados e organiza\u00e7\u00f5es para que, no in\u00edcio do ano, fa\u00e7amos a\u00e7\u00f5es nas bases para convencer n\u00e3o s\u00f3 trabalhadores t\u00e9cnicos administrativos, mas tamb\u00e9m toda a popula\u00e7\u00e3o a irem \u00e0s ruas para enterrar de vez a reforma da Previd\u00eancia\u201d.<\/p>\n<p>&nbsp;<\/p>\n<p dir=\"ltr\">Em 2018, o presidente ileg\u00edtimo Michel Temer pretende ampliar os ataques ao servi\u00e7o p\u00fablico, em especial \u00e0s universidades p\u00fablicas. \u201cA FASUBRA deve ser o polo aglutinador para dialogar com os setores dos servidores p\u00fablicos, fazer um chamado para a luta unificada. Estes s\u00e3o os desafios colocados para cada militante\u201d.<\/p>\n<p>&nbsp;<\/p>\n<p dir=\"ltr\">O CNG tamb\u00e9m apontou iniciativas imediatas para construir nas bases.<\/p>\n<p>&nbsp;<\/p>\n<ul>\n<li dir=\"ltr\">\n<p dir=\"ltr\">Manter a categoria organizada durante o m\u00eas de janeiro e fevereiro;<\/p>\n<\/li>\n<li dir=\"ltr\">\n<p dir=\"ltr\">Propor \u00e0 Dire\u00e7\u00e3o Nacional da FASUBRA que convoque uma plen\u00e1ria ou uma reuni\u00e3o ampliada no final de janeiro ou in\u00edcio de fevereiro para avaliar o quadro nacional, podendo inclusive, convocar assembleias em todo pa\u00eds para reiniciar o movimento paredista;<\/p>\n<\/li>\n<li dir=\"ltr\">\n<p dir=\"ltr\">Manter a ca\u00e7a aos deputados nos estados durante este per\u00edodo de recesso na C\u00e2mara;<\/p>\n<\/li>\n<li dir=\"ltr\">\n<p dir=\"ltr\">Fazer press\u00e3o na ANDIFES para que n\u00e3o haja puni\u00e7\u00e3o, onde houver amea\u00e7as;<\/p>\n<\/li>\n<li dir=\"ltr\">\n<p dir=\"ltr\">Realiza\u00e7\u00e3o de atos no dia da leitura do texto pelo relator (05\/02)<\/p>\n<\/li>\n<li dir=\"ltr\">\n<p dir=\"ltr\">Realizar manifesta\u00e7\u00f5es no per\u00edodo do carnaval para dialogar com popula\u00e7\u00e3o (criar blocos carnavalescos);<\/p>\n<\/li>\n<li dir=\"ltr\">\n<p dir=\"ltr\">Atos no dia da vota\u00e7\u00e3o da reforma<\/p>\n<\/li>\n<\/ul>\n<p>&nbsp;<\/p>\n<p dir=\"ltr\">Em 2018, a luta continua!<\/p>\n<p dir=\"ltr\">&nbsp;<\/p>\n<p dir=\"ltr\"><em><strong>Foto:<\/strong> Assessoria de Comunica\u00e7\u00e3o Assufop<\/em><\/p>\n<p dir=\"ltr\"><em>Assembleia Geral do sindicato de Ouro Preto-MG representando uma de muitas assembleias.<\/em><\/p>\n<p><em>&nbsp;<\/em><\/p>\n<p dir=\"ltr\">Fonte: Assessoria de Comunica\u00e7\u00e3o FASUBRA Sindical<\/p>\n","protected":false},"excerpt":{"rendered":"<p>Em 2018, a luta continua! &nbsp; A greve nacional da FASUBRA chega ao fim ap\u00f3s 40 dias de paralisa\u00e7\u00e3o dos trabalhadores t\u00e9cnico-administrativos em educa\u00e7\u00e3o das institui\u00e7\u00f5es federais p\u00fablicas do pa\u00eds. &nbsp;O indicativo de suspens\u00e3o do movimento paredista do Comando Nacional de Greve (CNG) para o dia 19 de dezembro, foi aprovado pela Categoria. &nbsp; Para [&hellip;]<\/p>\n","protected":false},"author":2,"featured_media":0,"comment_status":"open","ping_status":"open","sticky":false,"template":"","format":"standard","meta":[],"categories":[5,18],"tags":[],"_links":{"self":[{"href":"http:\/\/sintema.org.br\/sintema\/wp-json\/wp\/v2\/posts\/9444"}],"collection":[{"href":"http:\/\/sintema.org.br\/sintema\/wp-json\/wp\/v2\/posts"}],"about":[{"href":"http:\/\/sintema.org.br\/sintema\/wp-json\/wp\/v2\/types\/post"}],"author":[{"embeddable":true,"href":"http:\/\/sintema.org.br\/sintema\/wp-json\/wp\/v2\/users\/2"}],"replies":[{"embeddable":true,"href":"http:\/\/sintema.org.br\/sintema\/wp-json\/wp\/v2\/comments?post=9444"}],"version-history":[{"count":1,"href":"http:\/\/sintema.org.br\/sintema\/wp-json\/wp\/v2\/posts\/9444\/revisions"}],"predecessor-version":[{"id":9446,"href":"http:\/\/sintema.org.br\/sintema\/wp-json\/wp\/v2\/posts\/9444\/revisions\/9446"}],"wp:attachment":[{"href":"http:\/\/sintema.org.br\/sintema\/wp-json\/wp\/v2\/media?parent=9444"}],"wp:term":[{"taxonomy":"category","embeddable":true,"href":"http:\/\/sintema.org.br\/sintema\/wp-json\/wp\/v2\/categories?post=9444"},{"taxonomy":"post_tag","embeddable":true,"href":"http:\/\/sintema.org.br\/sintema\/wp-json\/wp\/v2\/tags?post=9444"}],"curies":[{"name":"wp","href":"https:\/\/api.w.org\/{rel}","templated":true}]}}