{"id":9509,"date":"2018-01-24T12:44:35","date_gmt":"2018-01-24T12:44:35","guid":{"rendered":"http:\/\/sintema.org.br\/sintema\/?p=9509"},"modified":"2018-01-24T12:44:35","modified_gmt":"2018-01-24T12:44:35","slug":"nota-da-direcao-nacional-sobre-a-extincao-de-cargos-e-proibicao-de-concursos","status":"publish","type":"post","link":"http:\/\/sintema.org.br\/sintema\/nota-da-direcao-nacional-sobre-a-extincao-de-cargos-e-proibicao-de-concursos\/","title":{"rendered":"Nota da Dire\u00e7\u00e3o Nacional sobre a extin\u00e7\u00e3o de cargos e proibi\u00e7\u00e3o de concursos"},"content":{"rendered":"<p><em>Esse decreto \u00e9 um retumbante descumprimento do acordo da greve de 2015 (cl\u00e1usula s\u00e9tima), que previa processo de debate conjunto entre governo, gestores e trabalhadores para, dentre outras coisas, realizar a racionaliza\u00e7\u00e3o dos cargos do PCCTAE.<\/em><\/p>\n<p><em>&nbsp;<a href=\"http:\/\/sintema.org.br\/sintema\/wp-content\/uploads\/2018\/01\/image1.jpg\"><img loading=\"lazy\" class=\"alignnone size-medium wp-image-9510\" src=\"http:\/\/sintema.org.br\/sintema\/wp-content\/uploads\/2018\/01\/image1-300x237.jpg\" alt=\"\" height=\"237\" width=\"300\"><\/a><\/em><\/p>\n<p>O governo federal publicou no in\u00edcio de janeiro o Decreto n\u00ba 9.262 de 9 de janeiro de 2018, que extingue cargos e veda concursos de cargos intensificando a reforma neoliberal que o governo vem implementando no Brasil e que tem no desmonte do servi\u00e7o p\u00fablico federal um de seus pilares.<\/p>\n<p>Esse decreto est\u00e1 em conson\u00e2ncia com a pol\u00edtica econ\u00f4mica do governo, e segue no mesmo trilho que promoveu a aprova\u00e7\u00e3o da legisla\u00e7\u00e3o que permite a terceiriza\u00e7\u00e3o irrestrita, a Emenda Constitucional 95\/16, que impede gastos p\u00fablicos e as restri\u00e7\u00f5es legais previstas na LDO e LOA \u00e0 contrata\u00e7\u00e3o de pessoal. Tamb\u00e9m guarda conson\u00e2ncia e inicia a simplifica\u00e7\u00e3o das carreiras que visa, na verdade, favorecer a terceiriza\u00e7\u00e3o e a gera\u00e7\u00e3o de super\u00e1vit prim\u00e1rio atrav\u00e9s de economia com o achatamento dos sal\u00e1rios dos servidores.<\/p>\n<p>Especificamente para os TAE e as Universidades e Institutos Federais, o decreto vai prejudicar os servi\u00e7os prestados porque impedem ostensivamente, a recupera\u00e7\u00e3o da for\u00e7a de trabalho e a sua amplia\u00e7\u00e3o, muito necess\u00e1ria para responder \u00e0s demandas da expans\u00e3o das IF ocorrida de 2007 a 2014.<\/p>\n<p>Esse decreto \u00e9 um retumbante descumprimento do acordo da greve de 2015 (cl\u00e1usula s\u00e9tima), que previa processo de debate conjunto entre governo, gestores e trabalhadores para, dentre outras coisas, realizar a racionaliza\u00e7\u00e3o dos cargos do PCCTAE. O governo agiu unilateralmente sem conversar com trabalhadoras, trabalhadores, gestoras e gestores das Institui\u00e7\u00f5es Federais de Ensino, extinguindo cargos e vedando concursos essenciais para o processo de trabalho nas Universidades e Institutos Federais.<\/p>\n<p>Isto posto, a FASUBRA declara seu intenso rep\u00fadio \u00e0 publica\u00e7\u00e3o desse decreto e reivindica sua anula\u00e7\u00e3o na integra, pois esse governo, no final de mandato e al\u00e7ado ao poder sem votos, n\u00e3o pode promover, sem nenhum debate, seja no parlamento ou processo de negocia\u00e7\u00e3o, mudan\u00e7as estruturais nas carreiras e prejudicar de modo irrepar\u00e1vel o servi\u00e7o p\u00fablico Brasileiro.<\/p>\n<p>&nbsp;<\/p>\n<p><b>Dire\u00e7\u00e3o Nacional da FASUBRA<\/b><b><br \/>\n<\/b><b>22 de Janeiro de 2018<\/b><\/p>\n<h2><a href=\"http:\/\/fasubra.org.br\/index.php\/fasubra\/1597-nota-da-direcao-nacional-sobre-a-extincao-de-cargos-e-proibicao-de-concursos\"><\/a><\/h2>\n","protected":false},"excerpt":{"rendered":"<p>Esse decreto \u00e9 um retumbante descumprimento do acordo da greve de 2015 (cl\u00e1usula s\u00e9tima), que previa processo de debate conjunto entre governo, gestores e trabalhadores para, dentre outras coisas, realizar a racionaliza\u00e7\u00e3o dos cargos do PCCTAE. &nbsp; O governo federal publicou no in\u00edcio de janeiro o Decreto n\u00ba 9.262 de 9 de janeiro de 2018, [&hellip;]<\/p>\n","protected":false},"author":2,"featured_media":0,"comment_status":"open","ping_status":"open","sticky":false,"template":"","format":"standard","meta":[],"categories":[5,18],"tags":[],"_links":{"self":[{"href":"http:\/\/sintema.org.br\/sintema\/wp-json\/wp\/v2\/posts\/9509"}],"collection":[{"href":"http:\/\/sintema.org.br\/sintema\/wp-json\/wp\/v2\/posts"}],"about":[{"href":"http:\/\/sintema.org.br\/sintema\/wp-json\/wp\/v2\/types\/post"}],"author":[{"embeddable":true,"href":"http:\/\/sintema.org.br\/sintema\/wp-json\/wp\/v2\/users\/2"}],"replies":[{"embeddable":true,"href":"http:\/\/sintema.org.br\/sintema\/wp-json\/wp\/v2\/comments?post=9509"}],"version-history":[{"count":1,"href":"http:\/\/sintema.org.br\/sintema\/wp-json\/wp\/v2\/posts\/9509\/revisions"}],"predecessor-version":[{"id":9511,"href":"http:\/\/sintema.org.br\/sintema\/wp-json\/wp\/v2\/posts\/9509\/revisions\/9511"}],"wp:attachment":[{"href":"http:\/\/sintema.org.br\/sintema\/wp-json\/wp\/v2\/media?parent=9509"}],"wp:term":[{"taxonomy":"category","embeddable":true,"href":"http:\/\/sintema.org.br\/sintema\/wp-json\/wp\/v2\/categories?post=9509"},{"taxonomy":"post_tag","embeddable":true,"href":"http:\/\/sintema.org.br\/sintema\/wp-json\/wp\/v2\/tags?post=9509"}],"curies":[{"name":"wp","href":"https:\/\/api.w.org\/{rel}","templated":true}]}}