{"id":9512,"date":"2018-01-24T19:35:18","date_gmt":"2018-01-24T19:35:18","guid":{"rendered":"http:\/\/sintema.org.br\/sintema\/?p=9512"},"modified":"2018-01-24T19:35:18","modified_gmt":"2018-01-24T19:35:18","slug":"sao-luis-dirigentes-do-sintema-participam-de-ato-em-defesa-da-democracia","status":"publish","type":"post","link":"http:\/\/sintema.org.br\/sintema\/sao-luis-dirigentes-do-sintema-participam-de-ato-em-defesa-da-democracia\/","title":{"rendered":"S\u00c3O LU\u00cdS | Dirigentes do Sintema participam de Ato em Defesa da Democracia"},"content":{"rendered":"<p><a href=\"http:\/\/sintema.org.br\/sintema\/wp-content\/uploads\/2018\/01\/WhatsApp-Image-2018-01-24-at-10.27.18.jpeg\"><img loading=\"lazy\" class=\"alignnone  wp-image-9514\" src=\"http:\/\/sintema.org.br\/sintema\/wp-content\/uploads\/2018\/01\/WhatsApp-Image-2018-01-24-at-10.27.18-300x225.jpeg\" alt=\"\" height=\"290\" width=\"387\" srcset=\"http:\/\/sintema.org.br\/sintema\/wp-content\/uploads\/2018\/01\/WhatsApp-Image-2018-01-24-at-10.27.18-300x225.jpeg 300w, http:\/\/sintema.org.br\/sintema\/wp-content\/uploads\/2018\/01\/WhatsApp-Image-2018-01-24-at-10.27.18-768x576.jpeg 768w, http:\/\/sintema.org.br\/sintema\/wp-content\/uploads\/2018\/01\/WhatsApp-Image-2018-01-24-at-10.27.18-1024x768.jpeg 1024w, http:\/\/sintema.org.br\/sintema\/wp-content\/uploads\/2018\/01\/WhatsApp-Image-2018-01-24-at-10.27.18.jpeg 1032w\" sizes=\"(max-width: 387px) 100vw, 387px\" \/><\/a><\/p>\n<p>Os<span style=\"font-family: Arial,sans-serif;\"><span style=\"font-size: small;\"> trabalhadores em educa\u00e7\u00e3o e dirigentes do Sintema participaram na manh\u00e3 desta quarta-feira, 24, do Ato em Defesa da Democracia e do direito de Lula ser candidato nas pr\u00f3ximas elei\u00e7\u00f5es de Outubro. A mobiliza\u00e7\u00e3o ocorreu em S\u00e3o Lu\u00eds, Porto Alegre (onde ocorre o julgamento do ex-presidente) e nas principais cidades do pa\u00eds.<\/span><\/span><\/p>\n<p><a href=\"http:\/\/sintema.org.br\/sintema\/wp-content\/uploads\/2018\/01\/WhatsApp-Image-2018-01-24-at-10.27.31.jpeg\"><img loading=\"lazy\" class=\"alignnone  wp-image-9513\" src=\"http:\/\/sintema.org.br\/sintema\/wp-content\/uploads\/2018\/01\/WhatsApp-Image-2018-01-24-at-10.27.31-300x225.jpeg\" alt=\"\" height=\"287\" width=\"383\" srcset=\"http:\/\/sintema.org.br\/sintema\/wp-content\/uploads\/2018\/01\/WhatsApp-Image-2018-01-24-at-10.27.31-300x225.jpeg 300w, http:\/\/sintema.org.br\/sintema\/wp-content\/uploads\/2018\/01\/WhatsApp-Image-2018-01-24-at-10.27.31-768x576.jpeg 768w, http:\/\/sintema.org.br\/sintema\/wp-content\/uploads\/2018\/01\/WhatsApp-Image-2018-01-24-at-10.27.31-1024x768.jpeg 1024w, http:\/\/sintema.org.br\/sintema\/wp-content\/uploads\/2018\/01\/WhatsApp-Image-2018-01-24-at-10.27.31.jpeg 1032w\" sizes=\"(max-width: 383px) 100vw, 383px\" \/><\/a><\/p>\n<p align=\"justify\"><span style=\"font-family: Arial,sans-serif;\"><span style=\"font-size: small;\">Os diretores Jorge Mendes e Jo\u00e3o de Deus, o conselheiro fiscal Cl\u00e1udio Bezerra, e trabalhadores de base participaram da manifesta\u00e7\u00e3o que ocorreu em frente ao pr\u00e9dio da Justi\u00e7a Federal, na Areinha, com trabalhadores, estudantes e integrantes de movimentos sociais de todo o Estado.<\/span><\/span><\/p>\n<p align=\"justify\"><span style=\"color: #000000;\"><span style=\"font-family: Arial,sans-serif;\"><span style=\"font-size: small;\">O julgamento marcado para hoje est\u00e1 contaminado pela disputa pol\u00edtica existente no pa\u00eds, no qual o objetivo central \u00e9 condenar Lula sem provas para tir\u00e1-lo da disputa eleitoral. Trata-se de um julgamento pol\u00edtico nos marcos de um processo que fere direitos democr\u00e1ticos b\u00e1sicos. N\u00e3o \u00e9 uma novidade tal comportamento do judici\u00e1rio brasileiro, mesmo ap\u00f3s o fim da ditadura militar, ativistas, movimentos sociais, artistas, ambientalistas, sindicalistas e o povo pobre em geral sofre as injusti\u00e7as dessa democracia dos ricos.<\/span><\/span><\/span><\/p>\n<p align=\"justify\"><span style=\"color: #000000;\"><span style=\"font-family: Arial,sans-serif;\"><span style=\"font-size: small;\">Qualquer condena\u00e7\u00e3o sem provas e\/ou atrav\u00e9s de um julgamento onde ju\u00edzes e assessores se manifestam publicamente emitindo opini\u00f5es pol\u00edticas, expressa a politiza\u00e7\u00e3o do judici\u00e1rio, assim defender direitos democr\u00e1ticos \u00e9 uma tarefa e um princ\u00edpio de toda esquerda. Estamos radicalmente contra as posi\u00e7\u00f5es de organiza\u00e7\u00f5es e pol\u00edticos que cumprem um papel de peso no fortalecimento de iniciativas de direita com tra\u00e7os semi fascistas no pa\u00eds.<\/span><\/span><\/span><\/p>\n<p align=\"justify\"><a href=\"http:\/\/sintema.org.br\/sintema\/wp-content\/uploads\/2018\/01\/WhatsApp-Image-2018-01-24-at-10.27.36.jpeg\"><img loading=\"lazy\" class=\"alignnone  wp-image-9515\" src=\"http:\/\/sintema.org.br\/sintema\/wp-content\/uploads\/2018\/01\/WhatsApp-Image-2018-01-24-at-10.27.36-300x225.jpeg\" alt=\"\" height=\"283\" width=\"378\" srcset=\"http:\/\/sintema.org.br\/sintema\/wp-content\/uploads\/2018\/01\/WhatsApp-Image-2018-01-24-at-10.27.36-300x225.jpeg 300w, http:\/\/sintema.org.br\/sintema\/wp-content\/uploads\/2018\/01\/WhatsApp-Image-2018-01-24-at-10.27.36-768x576.jpeg 768w, http:\/\/sintema.org.br\/sintema\/wp-content\/uploads\/2018\/01\/WhatsApp-Image-2018-01-24-at-10.27.36-1024x768.jpeg 1024w, http:\/\/sintema.org.br\/sintema\/wp-content\/uploads\/2018\/01\/WhatsApp-Image-2018-01-24-at-10.27.36.jpeg 1032w\" sizes=\"(max-width: 378px) 100vw, 378px\" \/><\/a><\/p>\n<p align=\"justify\"><span style=\"color: #000000;\"><span style=\"font-family: Arial,sans-serif;\"><span style=\"font-size: small;\">Essa posi\u00e7\u00e3o n\u00e3o significa apoio eleitoral ou acordo com as posi\u00e7\u00f5es de Lula e do PT. A Fasubra Sindical sempre manteve sua independ\u00eancia pol\u00edtica diante de qualquer governo ou partido pol\u00edtico, nos governos militares, Sarney, Collor, Itamar, FHC, durante os 13 anos de experi\u00eancia com governos petistas e agora diante do governo ileg\u00edtimo de Temer , fizemos greves e lutas para defender direitos e ampliar conquistas, nunca fugimos da luta. Entendemos que o Brasil precisa de uma alternativa que aponte um programa de enfrentamento com o capital, sem alian\u00e7as com golpistas, que governe para os mais pobres e setores oprimidos, atacando os privil\u00e9gios dos ricos e poderosos.<\/span><\/span><\/span><\/p>\n<p align=\"justify\">&nbsp;<\/p>\n","protected":false},"excerpt":{"rendered":"<p>Os trabalhadores em educa\u00e7\u00e3o e dirigentes do Sintema participaram na manh\u00e3 desta quarta-feira, 24, do Ato em Defesa da Democracia e do direito de Lula ser candidato nas pr\u00f3ximas elei\u00e7\u00f5es de Outubro. A mobiliza\u00e7\u00e3o ocorreu em S\u00e3o Lu\u00eds, Porto Alegre (onde ocorre o julgamento do ex-presidente) e nas principais cidades do pa\u00eds. Os diretores Jorge [&hellip;]<\/p>\n","protected":false},"author":2,"featured_media":0,"comment_status":"open","ping_status":"open","sticky":false,"template":"","format":"standard","meta":[],"categories":[5],"tags":[],"_links":{"self":[{"href":"http:\/\/sintema.org.br\/sintema\/wp-json\/wp\/v2\/posts\/9512"}],"collection":[{"href":"http:\/\/sintema.org.br\/sintema\/wp-json\/wp\/v2\/posts"}],"about":[{"href":"http:\/\/sintema.org.br\/sintema\/wp-json\/wp\/v2\/types\/post"}],"author":[{"embeddable":true,"href":"http:\/\/sintema.org.br\/sintema\/wp-json\/wp\/v2\/users\/2"}],"replies":[{"embeddable":true,"href":"http:\/\/sintema.org.br\/sintema\/wp-json\/wp\/v2\/comments?post=9512"}],"version-history":[{"count":1,"href":"http:\/\/sintema.org.br\/sintema\/wp-json\/wp\/v2\/posts\/9512\/revisions"}],"predecessor-version":[{"id":9516,"href":"http:\/\/sintema.org.br\/sintema\/wp-json\/wp\/v2\/posts\/9512\/revisions\/9516"}],"wp:attachment":[{"href":"http:\/\/sintema.org.br\/sintema\/wp-json\/wp\/v2\/media?parent=9512"}],"wp:term":[{"taxonomy":"category","embeddable":true,"href":"http:\/\/sintema.org.br\/sintema\/wp-json\/wp\/v2\/categories?post=9512"},{"taxonomy":"post_tag","embeddable":true,"href":"http:\/\/sintema.org.br\/sintema\/wp-json\/wp\/v2\/tags?post=9512"}],"curies":[{"name":"wp","href":"https:\/\/api.w.org\/{rel}","templated":true}]}}