{"id":9524,"date":"2018-01-31T19:40:06","date_gmt":"2018-01-31T19:40:06","guid":{"rendered":"http:\/\/sintema.org.br\/sintema\/?p=9524"},"modified":"2018-01-31T19:40:06","modified_gmt":"2018-01-31T19:40:06","slug":"carnaval-2018-sintema-e-assuma-convidam-associados-para-folia-nos-dias-11-e-13","status":"publish","type":"post","link":"http:\/\/sintema.org.br\/sintema\/carnaval-2018-sintema-e-assuma-convidam-associados-para-folia-nos-dias-11-e-13\/","title":{"rendered":"CARNAVAL 2018 | SINTEMA e ASSUMA convidam associados para folia nos dias 11 e 13"},"content":{"rendered":"<p><a href=\"http:\/\/sintema.org.br\/sintema\/wp-content\/uploads\/2018\/01\/WhatsApp-Image-2018-01-31-at-14.15.34.jpeg\"><img loading=\"lazy\" class=\"alignnone size-medium wp-image-9525\" src=\"http:\/\/sintema.org.br\/sintema\/wp-content\/uploads\/2018\/01\/WhatsApp-Image-2018-01-31-at-14.15.34-300x270.jpeg\" alt=\"\" height=\"270\" width=\"300\"><\/a><\/p>\n<p>As diretorias do Sintema e da Assuma est\u00e3o preparando uma grande festa para os associados das duas entidades neste carnaval. Nos dias 11 (domingo) e 13 (ter\u00e7a-feira) ser\u00e3o realizados dois bailes na sede social da Assuma, localizada no Bairro Olho D\u00e1gua, em S\u00e3o Lu\u00eds, com entrada gratuita para associados.<\/p>\n<p>Cada associado tem direito a tr\u00eas (3) convites gratuitos, que podem ser adquiridos na sede do Sintema ou da Assuma, conforme v\u00ednculo do servidor. \u201cOs servidores que s\u00e3o associados \u00e0s duas entidades s\u00f3 ter\u00e3o direito a tr\u00eas convites\u201d, alerta a secret\u00e1ria-geral do Sintema, C\u00e9lia Segadilha.<\/p>\n<p>Nos dias de baile a sede da Assuma abrir\u00e1 \u00e0s 13h, e o baile ocorrer\u00e1 das 16 \u00e0s 20 horas. As piscinas n\u00e3o estar\u00e3o dispon\u00edveis para banho.<\/p>\n<p>O conselheiro fiscal do Sintema, Domingos Ferreira, informou que o evento \u00e9 fruto da parceria efetivada pelas entidades (Sintema e Assuma) ao longo dos \u00faltimos anos, que tem proporcionado a integra\u00e7\u00e3o dos servidores em v\u00e1rias datas, a exemplo do que j\u00e1 ocorreu com o dia das m\u00e3es, pais, anivers\u00e1rio do Sintema, e outras. \u201c\u00c9 al\u00e9m de tudo um momento para rever os amigos e celebrar com a fam\u00edlia o momento de lazer na nossa casa Assuma\u201d, finalizou Ferreira.<\/p>\n<p><strong>Para associados do Sintema os convites j\u00e1 est\u00e3o dispon\u00edveis na sede do sindicato.<\/strong><\/p>\n<p><span style=\"color: #339966;\"><strong>AGENDE-SE:<\/strong><\/span><\/p>\n<p><span style=\"color: #339966;\"><strong>&#8211; Bailes de Carnaval na ASSUMA;<\/strong><\/span><\/p>\n<p><span style=\"color: #339966;\"><strong>&#8211; Dias 11 e 13 de fevereiro, domingo e ter\u00e7a de carnaval;<\/strong><\/span><\/p>\n<p><span style=\"color: #339966;\"><strong>&#8211; Entrada: gratuita para associados (3 convites);<\/strong><\/span><\/p>\n<p><span style=\"color: #339966;\"><strong>&#8211; Camisas \u00e0 venda (opcional): R$ 20,00 (vinte reais);<\/strong><\/span><\/p>\n","protected":false},"excerpt":{"rendered":"<p>As diretorias do Sintema e da Assuma est\u00e3o preparando uma grande festa para os associados das duas entidades neste carnaval. Nos dias 11 (domingo) e 13 (ter\u00e7a-feira) ser\u00e3o realizados dois bailes na sede social da Assuma, localizada no Bairro Olho D\u00e1gua, em S\u00e3o Lu\u00eds, com entrada gratuita para associados. Cada associado tem direito a tr\u00eas [&hellip;]<\/p>\n","protected":false},"author":2,"featured_media":0,"comment_status":"open","ping_status":"open","sticky":false,"template":"","format":"standard","meta":[],"categories":[5],"tags":[],"_links":{"self":[{"href":"http:\/\/sintema.org.br\/sintema\/wp-json\/wp\/v2\/posts\/9524"}],"collection":[{"href":"http:\/\/sintema.org.br\/sintema\/wp-json\/wp\/v2\/posts"}],"about":[{"href":"http:\/\/sintema.org.br\/sintema\/wp-json\/wp\/v2\/types\/post"}],"author":[{"embeddable":true,"href":"http:\/\/sintema.org.br\/sintema\/wp-json\/wp\/v2\/users\/2"}],"replies":[{"embeddable":true,"href":"http:\/\/sintema.org.br\/sintema\/wp-json\/wp\/v2\/comments?post=9524"}],"version-history":[{"count":1,"href":"http:\/\/sintema.org.br\/sintema\/wp-json\/wp\/v2\/posts\/9524\/revisions"}],"predecessor-version":[{"id":9526,"href":"http:\/\/sintema.org.br\/sintema\/wp-json\/wp\/v2\/posts\/9524\/revisions\/9526"}],"wp:attachment":[{"href":"http:\/\/sintema.org.br\/sintema\/wp-json\/wp\/v2\/media?parent=9524"}],"wp:term":[{"taxonomy":"category","embeddable":true,"href":"http:\/\/sintema.org.br\/sintema\/wp-json\/wp\/v2\/categories?post=9524"},{"taxonomy":"post_tag","embeddable":true,"href":"http:\/\/sintema.org.br\/sintema\/wp-json\/wp\/v2\/tags?post=9524"}],"curies":[{"name":"wp","href":"https:\/\/api.w.org\/{rel}","templated":true}]}}